{"id":103012,"date":"2019-07-26T13:35:27","date_gmt":"2019-07-26T16:35:27","guid":{"rendered":"https:\/\/jornalhoje.inf.br\/wp\/?p=103012"},"modified":"2019-07-26T15:06:51","modified_gmt":"2019-07-26T18:06:51","slug":"inocentes-de-belford-roxo-vai-animar-taca-das-favelas","status":"publish","type":"post","link":"https:\/\/jornalhoje.inf.br\/wp\/inocentes-de-belford-roxo-vai-animar-taca-das-favelas\/","title":{"rendered":"Inocentes de Belford Roxo vi animar Ta\u00e7a das Favelas"},"content":{"rendered":"<div id=\"fb-root\"><\/div>\n<p class=\"m_-3239020775561994115gmail-paragraph\"><img decoding=\"async\" class=\"size-thumbnail wp-image-103013 alignleft\" src=\"https:\/\/jornalhoje.inf.br\/wp\/wp-content\/uploads\/2019\/07\/ta\u00e7a-das-favelas-150x150.jpg\" alt=\"\" width=\"150\" height=\"150\" \/><\/p>\n<p class=\"m_-3239020775561994115gmail-paragraph\">\u00a0 \u00a0O samba vai invadir a grande final da Ta\u00e7a das Favelas Rio 2019, dia 27 de julho, s\u00e1bado, as 14h, em Mo\u00e7a Bonita, est\u00e1dio do Bangu. Quando a bateria Cad\u00eancia da Baixada da Inocentes de Belford Roxo entrar em campo para torcer pelo time de futebol masculino, Gog\u00f3 da Ema, de Belford Roxo.<\/p>\n<p class=\"m_-3239020775561994115gmail-paragraph\">Os meninos de Belford Roxo, enfrentar\u00e3o o time dos complexos do Patativas, para conquistar o trof\u00e9u Ari Pipa, nome do maior incentivador desta competi\u00e7\u00e3o.<\/p>\n<p class=\"m_-3239020775561994115gmail-paragraph\">&#8211; Vamos fazer uma corrente pr\u00e1 frente, para que nossos meninos tragam o t\u00edtulo para Belford Roxo. A cad\u00eancia da baixada vai estar incentivando os jogadores em cada passo e gol fazendo muito barulho e tocando muito samba. Queremos dar um ol\u00e9 com muita alegria, no campo e nas arquibancadas. Aqui em nossa cidade temos acompanhado todos os esfor\u00e7os desses her\u00f3is para chegarem at\u00e9 a final do campeonato.<\/p>\n<p class=\"m_-3239020775561994115gmail-paragraph\">O samba e o futebol est\u00e3o juntos e misturados, nosso enredo para o Carnaval de 2020 \u00e9 uma homenagem a maior jogadora de futebol feminino do mundo, Marta da Silva.<\/p>\n<p class=\"m_-3239020775561994115gmail-paragraph\">Agora \u00e9 preparar os instrumentos, convocar os ritmistas \u00e9 partir para o Mo\u00e7a Bonita para trazer mais esse t\u00edtulo para Belford Roxo. Com certeza nossos jogadores j\u00e1 s\u00e3o vitoriosos. Quero que todos venham se juntar a nossa torcida \u2013 disse com entusiasmo o presidente da bateria da Inocentes, mestre Washington Paz.<\/p>\n<p class=\"m_-3239020775561994115gmail-paragraph\">Os jogos do campeonato come\u00e7aram em mar\u00e7o e aconteceram no Campo do Realengo, tamb\u00e9m na Zona Oeste do Rio. O time Gog\u00f3 da Ema destacou-se por sair vencedor em todos os seus jogos na competi\u00e7\u00e3o.<\/p>\n","protected":false},"excerpt":{"rendered":"<p>\u00a0 \u00a0O samba vai invadir a grande final da Ta\u00e7a das Favelas Rio 2019, dia 27 de julho, s\u00e1bado, as 14h, em Mo\u00e7a Bonita, est\u00e1dio do Bangu. Quando a bateria Cad\u00eancia da Baixada da Inocentes de Belford Roxo entrar em campo para torcer pelo time de futebol masculino, Gog\u00f3 da Ema, de Belford Roxo. Os meninos de Belford Roxo, enfrentar\u00e3o o time dos complexos do Patativas, para conquistar o trof\u00e9u Ari Pipa, nome do maior incentivador desta competi\u00e7\u00e3o. &#8211; Vamos fazer uma corrente pr\u00e1 frente, para que nossos meninos tragam o t\u00edtulo para Belford Roxo. A cad\u00eancia da baixada vai estar incentivando os jogadores em cada passo e gol fazendo muito barulho e tocando muito samba. Queremos dar um ol\u00e9 com muita alegria, no campo e nas arquibancadas. Aqui em nossa cidade temos acompanhado todos os esfor\u00e7os desses her\u00f3is para chegarem at\u00e9 a final do campeonato. O samba e o futebol est\u00e3o juntos e misturados, nosso enredo para o Carnaval de 2020 \u00e9 uma homenagem a maior jogadora de futebol feminino do mundo, Marta da Silva. Agora \u00e9 preparar os instrumentos, convocar os ritmistas \u00e9 partir para o Mo\u00e7a Bonita para trazer mais esse t\u00edtulo para Belford Roxo. Com certeza nossos jogadores j\u00e1 s\u00e3o vitoriosos. Quero que todos venham se juntar a nossa torcida \u2013 disse com entusiasmo o presidente da bateria da Inocentes, mestre Washington Paz. Os jogos do campeonato come\u00e7aram em mar\u00e7o e aconteceram no Campo do Realengo, tamb\u00e9m na Zona Oeste do Rio. O time Gog\u00f3 da Ema destacou-se por sair vencedor em todos os seus jogos na competi\u00e7\u00e3o.<\/p>\n","protected":false},"author":21,"featured_media":0,"comment_status":"open","ping_status":"open","sticky":false,"template":"","format":"standard","meta":{"_seopress_robots_primary_cat":"","_seopress_titles_title":"","_seopress_titles_desc":"","_seopress_robots_index":"","footnotes":""},"categories":[13,32,30,31],"tags":[],"class_list":["post-103012","post","type-post","status-publish","format-standard","hentry","category-baixada","category-cultura-e-lazer","category-destaques","category-principais"],"_links":{"self":[{"href":"https:\/\/jornalhoje.inf.br\/wp\/wp-json\/wp\/v2\/posts\/103012","targetHints":{"allow":["GET"]}}],"collection":[{"href":"https:\/\/jornalhoje.inf.br\/wp\/wp-json\/wp\/v2\/posts"}],"about":[{"href":"https:\/\/jornalhoje.inf.br\/wp\/wp-json\/wp\/v2\/types\/post"}],"author":[{"embeddable":true,"href":"https:\/\/jornalhoje.inf.br\/wp\/wp-json\/wp\/v2\/users\/21"}],"replies":[{"embeddable":true,"href":"https:\/\/jornalhoje.inf.br\/wp\/wp-json\/wp\/v2\/comments?post=103012"}],"version-history":[{"count":2,"href":"https:\/\/jornalhoje.inf.br\/wp\/wp-json\/wp\/v2\/posts\/103012\/revisions"}],"predecessor-version":[{"id":103047,"href":"https:\/\/jornalhoje.inf.br\/wp\/wp-json\/wp\/v2\/posts\/103012\/revisions\/103047"}],"wp:attachment":[{"href":"https:\/\/jornalhoje.inf.br\/wp\/wp-json\/wp\/v2\/media?parent=103012"}],"wp:term":[{"taxonomy":"category","embeddable":true,"href":"https:\/\/jornalhoje.inf.br\/wp\/wp-json\/wp\/v2\/categories?post=103012"},{"taxonomy":"post_tag","embeddable":true,"href":"https:\/\/jornalhoje.inf.br\/wp\/wp-json\/wp\/v2\/tags?post=103012"}],"curies":[{"name":"wp","href":"https:\/\/api.w.org\/{rel}","templated":true}]}}