{"id":114754,"date":"2020-02-26T12:55:11","date_gmt":"2020-02-26T15:55:11","guid":{"rendered":"https:\/\/jornalhoje.inf.br\/wp\/?p=114754"},"modified":"2020-02-26T12:55:11","modified_gmt":"2020-02-26T15:55:11","slug":"novo-coronavirus-afeta-economia-europeia","status":"publish","type":"post","link":"https:\/\/jornalhoje.inf.br\/wp\/novo-coronavirus-afeta-economia-europeia\/","title":{"rendered":"Novo coronav\u00edrus afeta economia europeia"},"content":{"rendered":"<div id=\"fb-root\"><\/div>\n<h3 class=\"col-10 offset-1 animated fadeInDown dealy-900 display-8 display-md-8 alt-font font-italic my-1 text-center\">Comiss\u00e1rio de Economia diz n\u00e3o ser poss\u00edvel fazer uma previs\u00e3o s\u00e9ria<\/h3>\n<p><img fetchpriority=\"high\" decoding=\"async\" class=\"alignnone size-medium wp-image-114755\" src=\"https:\/\/jornalhoje.inf.br\/wp\/wp-content\/uploads\/2020\/02\/riccardo_antimiani_lusa-300x179.jpg\" alt=\"\" width=\"300\" height=\"179\" srcset=\"https:\/\/jornalhoje.inf.br\/wp\/wp-content\/uploads\/2020\/02\/riccardo_antimiani_lusa-300x179.jpg 300w, https:\/\/jornalhoje.inf.br\/wp\/wp-content\/uploads\/2020\/02\/riccardo_antimiani_lusa-768x459.jpg 768w, https:\/\/jornalhoje.inf.br\/wp\/wp-content\/uploads\/2020\/02\/riccardo_antimiani_lusa-1024x613.jpg 1024w, https:\/\/jornalhoje.inf.br\/wp\/wp-content\/uploads\/2020\/02\/riccardo_antimiani_lusa.jpg 1170w\" sizes=\"(max-width: 300px) 100vw, 300px\" \/><\/p>\n<p>A Comiss\u00e3o Europeia disse hoje (26) que o novo coronav\u00edrus j\u00e1 afeta a economia europeia, especificamente devido \u00e0 influ\u00eancia da China nos mercados da regi\u00e3o, mas adiantou n\u00e3o ser ainda poss\u00edvel fazer uma &#8220;previs\u00e3o s\u00e9ria&#8221; sobre esse impacto.<\/p>\n<p>&#8220;Os acontecimentos recentes apontam para uma materializa\u00e7\u00e3o parcial desse risco, por isso teremos um impacto, tendo em conta que a China representa 18% do PIB [produto interno bruto] mundial, mas ainda n\u00e3o \u00e9 poss\u00edvel fazer uma previs\u00e3o s\u00e9ria&#8221;, declarou o comiss\u00e1rio europeu da Economia, Paolo Gentiloni, confer\u00eancia de imprensa em Bruxelas.<\/p>\n<p>Discursando na apresenta\u00e7\u00e3o do pacote de inverno da Comiss\u00e3o Europeia do semestre europeu, que inclui an\u00e1lises macroecon\u00f4micas dos 27 Estados-membros da Uni\u00e3o Europeia (UE), Gentiloni disse que o surto do Covid-19 &#8220;est\u00e1 evoluindo dia ap\u00f3s dia&#8221;, e est\u00e1 sendo monitorado pelos servi\u00e7os t\u00e9cnicos de Economia do executivo do bloco.<\/p>\n<p>&#8220;A \u00fanica certeza que temos \u00e9 de que vamos ter impacto econ\u00f4mico&#8221; do coronav\u00edrus na economia europeia e &#8220;existe alguma preocupa\u00e7\u00e3o&#8221; relativamente a isso, admitiu Paolo Gentiloni.<\/p>\n<p>Por\u00e9m, insistiu: &#8220;Quantificar isso com previs\u00f5es n\u00e3o \u00e9 algo que vamos fazer para j\u00e1&#8221;.<\/p>\n<p>As bolsas europeias est\u00e3o operando hoje no vermelho, pressionadas pelo surto da doen\u00e7a, com as suas consequ\u00eancias econ\u00f4micas dominando a aten\u00e7\u00e3o dos investidores.<\/p>\n<p>Com o surto do coronav\u00edrus, os investidores t\u00eam cada vez mais depositado os seus ativos em ouro, em uma tentativa de evitar exposi\u00e7\u00e3o a ativos de risco.<\/p>\n<p>O balan\u00e7o provis\u00f3rio da epidemia do coronav\u00edrus Covid-19 \u00e9 de pelo menos 2.763 mortos e cerca de 81 mil infectados, de acordo com dados reportados por mais de 40 pa\u00edses e territ\u00f3rios.<\/p>\n<p>Das pessoas infectadas, quase 30 mil se recuperaram.<\/p>\n<p>Al\u00e9m dos mais de 2,7 mil mortos na China, onde o surto come\u00e7ou no final do ano passado, h\u00e1 registro de mortes no Ir\u00e3, Coreia do Sul, It\u00e1lia, Jap\u00e3o, Filipinas, Fran\u00e7a e Taiwan.<\/p>\n<h2>OMS<\/h2>\n<p>A Organiza\u00e7\u00e3o Mundial de Sa\u00fade declarou o surto do Covid-19 como uma emerg\u00eancia de sa\u00fade p\u00fablica internacional e alertou para uma eventual pandemia, ap\u00f3s um aumento repentino de casos na It\u00e1lia, Coreia do Sul e Ir\u00e3 nos \u00faltimos dias.<\/p>\n<p>Em Portugal, j\u00e1 houve 17 casos suspeitos, que resultaram negativos ap\u00f3s an\u00e1lises.<\/p>\n<p>O \u00fanico caso conhecido de um portugu\u00eas infectado pelo novo v\u00edrus \u00e9 o de um tripulante de um navio de cruzeiros que foi internado num hospital da cidade japonesa de Okazaki, situada a cerca de 300 quil\u00f4metros a sudoeste de T\u00f3quio.<\/p>\n","protected":false},"excerpt":{"rendered":"<p>Comiss\u00e1rio de Economia diz n\u00e3o ser poss\u00edvel fazer uma previs\u00e3o s\u00e9ria A Comiss\u00e3o Europeia disse hoje (26) que o novo coronav\u00edrus j\u00e1 afeta a economia europeia, especificamente devido \u00e0 influ\u00eancia da China nos mercados da regi\u00e3o, mas adiantou n\u00e3o ser ainda poss\u00edvel fazer uma &#8220;previs\u00e3o s\u00e9ria&#8221; sobre esse impacto. &#8220;Os acontecimentos recentes apontam para uma materializa\u00e7\u00e3o parcial desse risco, por isso teremos um impacto, tendo em conta que a China representa 18% do PIB [produto interno bruto] mundial, mas ainda n\u00e3o \u00e9 poss\u00edvel fazer uma previs\u00e3o s\u00e9ria&#8221;, declarou o comiss\u00e1rio europeu da Economia, Paolo Gentiloni, confer\u00eancia de imprensa em Bruxelas. Discursando na apresenta\u00e7\u00e3o do pacote de inverno da Comiss\u00e3o Europeia do semestre europeu, que inclui an\u00e1lises macroecon\u00f4micas dos 27 Estados-membros da Uni\u00e3o Europeia (UE), Gentiloni disse que o surto do Covid-19 &#8220;est\u00e1 evoluindo dia ap\u00f3s dia&#8221;, e est\u00e1 sendo monitorado pelos servi\u00e7os t\u00e9cnicos de Economia do executivo do bloco. &#8220;A \u00fanica certeza que temos \u00e9 de que vamos ter impacto econ\u00f4mico&#8221; do coronav\u00edrus na economia europeia e &#8220;existe alguma preocupa\u00e7\u00e3o&#8221; relativamente a isso, admitiu Paolo Gentiloni. Por\u00e9m, insistiu: &#8220;Quantificar isso com previs\u00f5es n\u00e3o \u00e9 algo que vamos fazer para j\u00e1&#8221;. As bolsas europeias est\u00e3o operando hoje no vermelho, pressionadas pelo surto da doen\u00e7a, com as suas consequ\u00eancias econ\u00f4micas dominando a aten\u00e7\u00e3o dos investidores. Com o surto do coronav\u00edrus, os investidores t\u00eam cada vez mais depositado os seus ativos em ouro, em uma tentativa de evitar exposi\u00e7\u00e3o a ativos de risco. O balan\u00e7o provis\u00f3rio da epidemia do coronav\u00edrus Covid-19 \u00e9 de pelo menos 2.763 mortos e cerca de 81 mil infectados, de acordo com dados reportados por mais de 40 pa\u00edses e territ\u00f3rios. Das pessoas infectadas, quase 30 mil se recuperaram. Al\u00e9m dos mais de 2,7 mil mortos na China, onde o surto come\u00e7ou no final do ano passado, h\u00e1 registro de mortes no Ir\u00e3, Coreia do Sul, It\u00e1lia, Jap\u00e3o, Filipinas, Fran\u00e7a e Taiwan. OMS A Organiza\u00e7\u00e3o Mundial de Sa\u00fade declarou o surto do Covid-19 como uma emerg\u00eancia de sa\u00fade p\u00fablica internacional e alertou para uma eventual pandemia, ap\u00f3s um aumento repentino de casos na It\u00e1lia, Coreia do Sul e Ir\u00e3 nos \u00faltimos dias. Em Portugal, j\u00e1 houve 17 casos suspeitos, que resultaram negativos ap\u00f3s an\u00e1lises. O \u00fanico caso conhecido de um portugu\u00eas infectado pelo novo v\u00edrus \u00e9 o de um tripulante de um navio de cruzeiros que foi internado num hospital da cidade japonesa de Okazaki, situada a cerca de 300 quil\u00f4metros a sudoeste de T\u00f3quio.<\/p>\n","protected":false},"author":21,"featured_media":114755,"comment_status":"open","ping_status":"open","sticky":false,"template":"","format":"standard","meta":{"_seopress_robots_primary_cat":"","_seopress_titles_title":"","_seopress_titles_desc":"","_seopress_robots_index":"","footnotes":""},"categories":[30,33,31],"tags":[],"class_list":["post-114754","post","type-post","status-publish","format-standard","has-post-thumbnail","hentry","category-destaques","category-internacional","category-principais"],"_links":{"self":[{"href":"https:\/\/jornalhoje.inf.br\/wp\/wp-json\/wp\/v2\/posts\/114754","targetHints":{"allow":["GET"]}}],"collection":[{"href":"https:\/\/jornalhoje.inf.br\/wp\/wp-json\/wp\/v2\/posts"}],"about":[{"href":"https:\/\/jornalhoje.inf.br\/wp\/wp-json\/wp\/v2\/types\/post"}],"author":[{"embeddable":true,"href":"https:\/\/jornalhoje.inf.br\/wp\/wp-json\/wp\/v2\/users\/21"}],"replies":[{"embeddable":true,"href":"https:\/\/jornalhoje.inf.br\/wp\/wp-json\/wp\/v2\/comments?post=114754"}],"version-history":[{"count":1,"href":"https:\/\/jornalhoje.inf.br\/wp\/wp-json\/wp\/v2\/posts\/114754\/revisions"}],"predecessor-version":[{"id":114756,"href":"https:\/\/jornalhoje.inf.br\/wp\/wp-json\/wp\/v2\/posts\/114754\/revisions\/114756"}],"wp:featuredmedia":[{"embeddable":true,"href":"https:\/\/jornalhoje.inf.br\/wp\/wp-json\/wp\/v2\/media\/114755"}],"wp:attachment":[{"href":"https:\/\/jornalhoje.inf.br\/wp\/wp-json\/wp\/v2\/media?parent=114754"}],"wp:term":[{"taxonomy":"category","embeddable":true,"href":"https:\/\/jornalhoje.inf.br\/wp\/wp-json\/wp\/v2\/categories?post=114754"},{"taxonomy":"post_tag","embeddable":true,"href":"https:\/\/jornalhoje.inf.br\/wp\/wp-json\/wp\/v2\/tags?post=114754"}],"curies":[{"name":"wp","href":"https:\/\/api.w.org\/{rel}","templated":true}]}}