{"id":115928,"date":"2020-05-04T19:30:12","date_gmt":"2020-05-04T22:30:12","guid":{"rendered":"https:\/\/jornalhoje.inf.br\/wp\/?p=115928"},"modified":"2020-05-04T19:30:12","modified_gmt":"2020-05-04T22:30:12","slug":"rede-municipal-de-saude-do-rio-nao-tem-mais-leitos-para-tratamento-da-covid-19","status":"publish","type":"post","link":"https:\/\/jornalhoje.inf.br\/wp\/rede-municipal-de-saude-do-rio-nao-tem-mais-leitos-para-tratamento-da-covid-19\/","title":{"rendered":"Rede municipal de sa\u00fade do Rio n\u00e3o tem mais leitos para tratamento da covid-19"},"content":{"rendered":"<div id=\"fb-root\"><\/div>\n<h2 class=\"subtitulo\">Considerando toda as vagas do SUS na cidade, a taxa de ocupa\u00e7\u00e3o dos leitos para a doen\u00e7a \u00e9 de 92%<\/h2>\n<div class=\"texto\">\u00a0 \u00a0 \u00a0<img fetchpriority=\"high\" decoding=\"async\" class=\"alignnone size-medium wp-image-115929\" src=\"https:\/\/jornalhoje.inf.br\/wp\/wp-content\/uploads\/2020\/05\/hospital-300x201.jpg\" alt=\"\" width=\"300\" height=\"201\" srcset=\"https:\/\/jornalhoje.inf.br\/wp\/wp-content\/uploads\/2020\/05\/hospital-300x201.jpg 300w, https:\/\/jornalhoje.inf.br\/wp\/wp-content\/uploads\/2020\/05\/hospital.jpg 700w\" sizes=\"(max-width: 300px) 100vw, 300px\" \/>A prefeitura informou, neste domingo, que a rede municipal de sa\u00fade da capital n\u00e3o tem mais leitos para tratamento do\u00a0<strong>novo coronav\u00edrus (covid-19)<\/strong>. J\u00e1 considerando toda as vagas do SUS na cidade, que inclui unidades de sa\u00fade municipais, estaduais e federais, a taxa de ocupa\u00e7\u00e3o dos leitos para a doen\u00e7a \u00e9 de 92%.<\/div>\n<div class=\"texto\">Atualmente, a capital conta com 611 vagas, sendo 168 de UTI, dedicadas exclusivamente \u00e0 covid-19. Desse total, 100 foram disponibilizadas na sexta-feira,\u00a0com a abertura do hospital de campanha do Riocentro, na Zona Oeste do Rio.<\/div>\n<div class=\"texto\">O munic\u00edpio prev\u00ea a abertura dos outros 400 leitos da unidade nos pr\u00f3ximos 10 dias,\u00a0com a chegada de equipamentos hospitalares comprados da China e que est\u00e3o a caminho do Rio.\u00a0Entre os equipamentos adquiridos, est\u00e3o 806 respiradores e mais de 700 monitores essenciais para o tratamento de casos graves da doen\u00e7a.<\/p>\n<div class=\"texto\">A unidade refer\u00eancia na rede para pacientes com a o novo coronav\u00edrus, o\u00a0<strong>Hospital Municipal Ronaldo Gazolla<\/strong>, em\u00a0<strong>Acari<\/strong>, na\u00a0<strong>Zona Norte<\/strong>, tem 230 leitos, sendo 150 de enfermaria e 80 de UTI. O hospital deve abrir mais 151 vagas, at\u00e9 chegar ao total de 381 programadas para a pandemia.<\/div>\n<div class=\"texto\">Quando\u00a0as unidades\u00a0do\u00a0<strong>Riocentro<\/strong>\u00a0e de Acari estiverem em pleno funcionamento, as duas ter\u00e3o, juntas, 881 leitos, sendo 301 de UTI para\u00a0o tratamento do novo coronav\u00edrus.<\/p>\n<div class=\"texto\">Al\u00e9m dos leitos p\u00fablicos,\u00a0a prefeitura abriu um edital para contrata\u00e7\u00e3o de mil vagas na rede particular. Os hospitais privados podem se inscrever para alugar seus leitos. O edital com os detalhes da contrata\u00e7\u00e3o j\u00e1 foi publicado em\u00a0<strong>Di\u00e1rio Oficial<\/strong>.<\/div>\n<div class=\"texto\"><strong>Contrata\u00e7\u00e3o de profissionais<\/strong><\/div>\n<div class=\"texto\">Para trabalhar no combate \u00e0 pandemia,\u00a0a cidade abriu mais de 5 mil vagas para profissionais de sa\u00fade, com sal\u00e1rios que variam de R$ 12 mil a R$ 21 mil, dependendo da carga hor\u00e1ria. Eles tamb\u00e9m recebem hospedagem e transporte aerovi\u00e1rio gratuitos.<\/div>\n<div class=\"container\">\n<div class=\"row\">\n<div class=\"col-lg-12 col-md-12 col-sm-12 col-xs-12\">\n<div class=\"row\">\n<div class=\"publicidade bg-pontilhado mrg-bottom\">\n<div id=\"inline_video\" class=\"hide lazyloaded\" data-ad-slot=\"inline_video\"><\/div>\n<\/div>\n<\/div>\n<\/div>\n<\/div>\n<\/div>\n<div class=\"texto\">M\u00e9dicos de outras cidades e estados menos impactados\u00a0pela doen\u00e7a tamb\u00e9m est\u00e3o sendo convocados. Atualmente, 1.240 profissionais foram contratados.<\/div>\n<div class=\"texto\">Os equipamentos comprados da\u00a0<strong>China<\/strong>\u00a0pensam mais de 400 toneladas e tiveram o custo de R$ 1,6 bilh\u00e3o. Ao todo, foram adquiridos mais de 18 mil itens, dentre eles 27 tom\u00f3grafos, 706 respiradores, 110 aparelhos de raio-x, 20 autoclaves (aparelhos de esteriliza\u00e7\u00e3o), milh\u00f5es de m\u00e1scaras e monitores.<\/div>\n<\/div>\n<\/div>\n","protected":false},"excerpt":{"rendered":"<p>Considerando toda as vagas do SUS na cidade, a taxa de ocupa\u00e7\u00e3o dos leitos para a doen\u00e7a \u00e9 de 92% \u00a0 \u00a0 \u00a0A prefeitura informou, neste domingo, que a rede municipal de sa\u00fade da capital n\u00e3o tem mais leitos para tratamento do\u00a0novo coronav\u00edrus (covid-19). J\u00e1 considerando toda as vagas do SUS na cidade, que inclui unidades de sa\u00fade municipais, estaduais e federais, a taxa de ocupa\u00e7\u00e3o dos leitos para a doen\u00e7a \u00e9 de 92%. Atualmente, a capital conta com 611 vagas, sendo 168 de UTI, dedicadas exclusivamente \u00e0 covid-19. Desse total, 100 foram disponibilizadas na sexta-feira,\u00a0com a abertura do hospital de campanha do Riocentro, na Zona Oeste do Rio. O munic\u00edpio prev\u00ea a abertura dos outros 400 leitos da unidade nos pr\u00f3ximos 10 dias,\u00a0com a chegada de equipamentos hospitalares comprados da China e que est\u00e3o a caminho do Rio.\u00a0Entre os equipamentos adquiridos, est\u00e3o 806 respiradores e mais de 700 monitores essenciais para o tratamento de casos graves da doen\u00e7a. A unidade refer\u00eancia na rede para pacientes com a o novo coronav\u00edrus, o\u00a0Hospital Municipal Ronaldo Gazolla, em\u00a0Acari, na\u00a0Zona Norte, tem 230 leitos, sendo 150 de enfermaria e 80 de UTI. O hospital deve abrir mais 151 vagas, at\u00e9 chegar ao total de 381 programadas para a pandemia. Quando\u00a0as unidades\u00a0do\u00a0Riocentro\u00a0e de Acari estiverem em pleno funcionamento, as duas ter\u00e3o, juntas, 881 leitos, sendo 301 de UTI para\u00a0o tratamento do novo coronav\u00edrus. Al\u00e9m dos leitos p\u00fablicos,\u00a0a prefeitura abriu um edital para contrata\u00e7\u00e3o de mil vagas na rede particular. Os hospitais privados podem se inscrever para alugar seus leitos. O edital com os detalhes da contrata\u00e7\u00e3o j\u00e1 foi publicado em\u00a0Di\u00e1rio Oficial. Contrata\u00e7\u00e3o de profissionais Para trabalhar no combate \u00e0 pandemia,\u00a0a cidade abriu mais de 5 mil vagas para profissionais de sa\u00fade, com sal\u00e1rios que variam de R$ 12 mil a R$ 21 mil, dependendo da carga hor\u00e1ria. Eles tamb\u00e9m recebem hospedagem e transporte aerovi\u00e1rio gratuitos. M\u00e9dicos de outras cidades e estados menos impactados\u00a0pela doen\u00e7a tamb\u00e9m est\u00e3o sendo convocados. Atualmente, 1.240 profissionais foram contratados. Os equipamentos comprados da\u00a0China\u00a0pensam mais de 400 toneladas e tiveram o custo de R$ 1,6 bilh\u00e3o. Ao todo, foram adquiridos mais de 18 mil itens, dentre eles 27 tom\u00f3grafos, 706 respiradores, 110 aparelhos de raio-x, 20 autoclaves (aparelhos de esteriliza\u00e7\u00e3o), milh\u00f5es de m\u00e1scaras e monitores.<\/p>\n","protected":false},"author":21,"featured_media":115929,"comment_status":"open","ping_status":"open","sticky":false,"template":"","format":"standard","meta":{"_seopress_robots_primary_cat":"","_seopress_titles_title":"","_seopress_titles_desc":"","_seopress_robots_index":"","footnotes":""},"categories":[30,16,31],"tags":[],"class_list":["post-115928","post","type-post","status-publish","format-standard","has-post-thumbnail","hentry","category-destaques","category-geral","category-principais"],"_links":{"self":[{"href":"https:\/\/jornalhoje.inf.br\/wp\/wp-json\/wp\/v2\/posts\/115928","targetHints":{"allow":["GET"]}}],"collection":[{"href":"https:\/\/jornalhoje.inf.br\/wp\/wp-json\/wp\/v2\/posts"}],"about":[{"href":"https:\/\/jornalhoje.inf.br\/wp\/wp-json\/wp\/v2\/types\/post"}],"author":[{"embeddable":true,"href":"https:\/\/jornalhoje.inf.br\/wp\/wp-json\/wp\/v2\/users\/21"}],"replies":[{"embeddable":true,"href":"https:\/\/jornalhoje.inf.br\/wp\/wp-json\/wp\/v2\/comments?post=115928"}],"version-history":[{"count":1,"href":"https:\/\/jornalhoje.inf.br\/wp\/wp-json\/wp\/v2\/posts\/115928\/revisions"}],"predecessor-version":[{"id":115930,"href":"https:\/\/jornalhoje.inf.br\/wp\/wp-json\/wp\/v2\/posts\/115928\/revisions\/115930"}],"wp:featuredmedia":[{"embeddable":true,"href":"https:\/\/jornalhoje.inf.br\/wp\/wp-json\/wp\/v2\/media\/115929"}],"wp:attachment":[{"href":"https:\/\/jornalhoje.inf.br\/wp\/wp-json\/wp\/v2\/media?parent=115928"}],"wp:term":[{"taxonomy":"category","embeddable":true,"href":"https:\/\/jornalhoje.inf.br\/wp\/wp-json\/wp\/v2\/categories?post=115928"},{"taxonomy":"post_tag","embeddable":true,"href":"https:\/\/jornalhoje.inf.br\/wp\/wp-json\/wp\/v2\/tags?post=115928"}],"curies":[{"name":"wp","href":"https:\/\/api.w.org\/{rel}","templated":true}]}}