{"id":116019,"date":"2020-05-15T16:19:43","date_gmt":"2020-05-15T19:19:43","guid":{"rendered":"https:\/\/jornalhoje.inf.br\/wp\/?p=116019"},"modified":"2020-05-15T16:19:43","modified_gmt":"2020-05-15T19:19:43","slug":"coletores-de-lixo-de-sao-joao-de-meriti-celebram-o-dia-do-gari","status":"publish","type":"post","link":"https:\/\/jornalhoje.inf.br\/wp\/coletores-de-lixo-de-sao-joao-de-meriti-celebram-o-dia-do-gari\/","title":{"rendered":"Coletores de lixo de S\u00e3o Jo\u00e3o de Meriti celebram o Dia do Gari"},"content":{"rendered":"<div id=\"fb-root\"><\/div>\n<p><img fetchpriority=\"high\" decoding=\"async\" class=\"alignnone size-medium wp-image-116020\" src=\"https:\/\/jornalhoje.inf.br\/wp\/wp-content\/uploads\/2020\/05\/gari-300x237.jpg\" alt=\"\" width=\"300\" height=\"237\" srcset=\"https:\/\/jornalhoje.inf.br\/wp\/wp-content\/uploads\/2020\/05\/gari-300x237.jpg 300w, https:\/\/jornalhoje.inf.br\/wp\/wp-content\/uploads\/2020\/05\/gari.jpg 657w\" sizes=\"(max-width: 300px) 100vw, 300px\" \/><\/p>\n<p>Funcion\u00e1rios da Mais Verde, concession\u00e1ria da Prefeitura para a gest\u00e3o de res\u00edduos,<br \/>\nfalam da import\u00e2ncia ampliada de manter o munic\u00edpio limpo em tempos de pandemia<br \/>\nNeste s\u00e1bado, 16 de maio, \u00e9 comemorado o Dia do Gari no Brasil, em homenagem aos trabalhadores<br \/>\nque recolhem o lixo das casas, dos com\u00e9rcios e das ruas. Em S\u00e3o Jo\u00e3o de Meriti, s\u00e3o os funcion\u00e1rios<br \/>\nda Mais Verde, nova marca que re\u00fane a Meriti Mais Verde e a empresa Verde Gest\u00e3o Ambiental, que<br \/>\ncirculam pela cidade de segunda a s\u00e1bado, dia e noite, com o compromisso de mant\u00ea-la limpa para<br \/>\ntoda a comunidade. Eles agradecem \u00e0 popula\u00e7\u00e3o pelo reconhecimento ao longo do ano.<br \/>\n\u2013 Nossa rotina \u00e9 manter a limpeza em S\u00e3o Jo\u00e3o de Meriti, e \u00e9 importante quando gostam do trabalho,<br \/>\nquando nos ajudam a coletar o lixo da melhor forma. Sempre nos tratam bem, oferecem lanches, mas<br \/>\no Dia do Gari costuma ser de festa para a gente, com tantos agradecimentos \u2013 relata Wellington da<br \/>\nSilva, coletor da Mais Verde.<br \/>\nEste ano, a import\u00e2ncia do coletor de lixo \u2013 n\u00e3o s\u00f3 no Dia do Gari, mas todos os dias \u2013 \u00e9 ainda maior<br \/>\ndiante da crise do novo coronav\u00edrus, que exige cuidados maiores com a limpeza urbana para reduzir o<br \/>\ncont\u00e1gio e evitar outros riscos de sa\u00fade p\u00fablica. Diariamente, a equipe da Mais Verde coleta mais de<br \/>\n500 toneladas de lixo e varre cerca de 70 quil\u00f4metros de ruas no munic\u00edpio. Para o coletor Valdinei<br \/>\nSassui, a coopera\u00e7\u00e3o dos moradores \u00e9 uma parte fundamental da atividade:<br \/>\n\u2013O pessoal contribui quando n\u00e3o deixa o lixo espalhado, quando coloca para fora de casa nos hor\u00e1rios<br \/>\ncertos, com tudo bem embalado e facilitando que a gente pegue as sacolas. Com o coronav\u00edrus agora,<br \/>\nisso agiliza a coleta para deixar tudo bem limpo.<br \/>\nOs garis da Mais Verde tamb\u00e9m s\u00e3o moradores de S\u00e3o Jo\u00e3o de Meriti e, ao circularem pelo munic\u00edpio,<br \/>\nest\u00e3o ajudando a conservar a pr\u00f3pria vizinhan\u00e7a. Isso fortalece o senso comunit\u00e1rio e a ideia de<br \/>\nresponsabilidade coletiva.<br \/>\n\u2013 N\u00f3s trabalhamos perto de casa, na nossa cidade. O dia a dia do gari \u00e9 estar com colegas de trabalho<br \/>\nque s\u00e3o amigos, vizinhos. Sabemos que estamos cuidando de Meriti para que todos se sintam bem<br \/>\nonde moram \u2013 conta o coletor Roni Barcelos.<br \/>\nO gerente da Mais Verde, Paulo \u00c1vila, presta sua homenagem aos garis pelo servi\u00e7o fundamental para<br \/>\na sociedade:<br \/>\n\u2013 Agradecemos aos garis mais do que pelo seu dia, apenas. Em nome da empresa Mais Verde, tamb\u00e9m<br \/>\nqueremos celebrar a dedica\u00e7\u00e3o e um trabalho t\u00e3o essencial, ainda mais em tempos de pandemia.<br \/>\nParab\u00e9ns pelo Dia do Gari!<\/p>\n","protected":false},"excerpt":{"rendered":"<p>Funcion\u00e1rios da Mais Verde, concession\u00e1ria da Prefeitura para a gest\u00e3o de res\u00edduos, falam da import\u00e2ncia ampliada de manter o munic\u00edpio limpo em tempos de pandemia Neste s\u00e1bado, 16 de maio, \u00e9 comemorado o Dia do Gari no Brasil, em homenagem aos trabalhadores que recolhem o lixo das casas, dos com\u00e9rcios e das ruas. Em S\u00e3o Jo\u00e3o de Meriti, s\u00e3o os funcion\u00e1rios da Mais Verde, nova marca que re\u00fane a Meriti Mais Verde e a empresa Verde Gest\u00e3o Ambiental, que circulam pela cidade de segunda a s\u00e1bado, dia e noite, com o compromisso de mant\u00ea-la limpa para toda a comunidade. Eles agradecem \u00e0 popula\u00e7\u00e3o pelo reconhecimento ao longo do ano. \u2013 Nossa rotina \u00e9 manter a limpeza em S\u00e3o Jo\u00e3o de Meriti, e \u00e9 importante quando gostam do trabalho, quando nos ajudam a coletar o lixo da melhor forma. Sempre nos tratam bem, oferecem lanches, mas o Dia do Gari costuma ser de festa para a gente, com tantos agradecimentos \u2013 relata Wellington da Silva, coletor da Mais Verde. Este ano, a import\u00e2ncia do coletor de lixo \u2013 n\u00e3o s\u00f3 no Dia do Gari, mas todos os dias \u2013 \u00e9 ainda maior diante da crise do novo coronav\u00edrus, que exige cuidados maiores com a limpeza urbana para reduzir o cont\u00e1gio e evitar outros riscos de sa\u00fade p\u00fablica. Diariamente, a equipe da Mais Verde coleta mais de 500 toneladas de lixo e varre cerca de 70 quil\u00f4metros de ruas no munic\u00edpio. Para o coletor Valdinei Sassui, a coopera\u00e7\u00e3o dos moradores \u00e9 uma parte fundamental da atividade: \u2013O pessoal contribui quando n\u00e3o deixa o lixo espalhado, quando coloca para fora de casa nos hor\u00e1rios certos, com tudo bem embalado e facilitando que a gente pegue as sacolas. Com o coronav\u00edrus agora, isso agiliza a coleta para deixar tudo bem limpo. Os garis da Mais Verde tamb\u00e9m s\u00e3o moradores de S\u00e3o Jo\u00e3o de Meriti e, ao circularem pelo munic\u00edpio, est\u00e3o ajudando a conservar a pr\u00f3pria vizinhan\u00e7a. Isso fortalece o senso comunit\u00e1rio e a ideia de responsabilidade coletiva. \u2013 N\u00f3s trabalhamos perto de casa, na nossa cidade. O dia a dia do gari \u00e9 estar com colegas de trabalho que s\u00e3o amigos, vizinhos. Sabemos que estamos cuidando de Meriti para que todos se sintam bem onde moram \u2013 conta o coletor Roni Barcelos. O gerente da Mais Verde, Paulo \u00c1vila, presta sua homenagem aos garis pelo servi\u00e7o fundamental para a sociedade: \u2013 Agradecemos aos garis mais do que pelo seu dia, apenas. Em nome da empresa Mais Verde, tamb\u00e9m queremos celebrar a dedica\u00e7\u00e3o e um trabalho t\u00e3o essencial, ainda mais em tempos de pandemia. Parab\u00e9ns pelo Dia do Gari!<\/p>\n","protected":false},"author":21,"featured_media":116020,"comment_status":"open","ping_status":"open","sticky":false,"template":"","format":"standard","meta":{"_seopress_robots_primary_cat":"","_seopress_titles_title":"","_seopress_titles_desc":"","_seopress_robots_index":"","footnotes":""},"categories":[30,16,31],"tags":[],"class_list":["post-116019","post","type-post","status-publish","format-standard","has-post-thumbnail","hentry","category-destaques","category-geral","category-principais"],"_links":{"self":[{"href":"https:\/\/jornalhoje.inf.br\/wp\/wp-json\/wp\/v2\/posts\/116019","targetHints":{"allow":["GET"]}}],"collection":[{"href":"https:\/\/jornalhoje.inf.br\/wp\/wp-json\/wp\/v2\/posts"}],"about":[{"href":"https:\/\/jornalhoje.inf.br\/wp\/wp-json\/wp\/v2\/types\/post"}],"author":[{"embeddable":true,"href":"https:\/\/jornalhoje.inf.br\/wp\/wp-json\/wp\/v2\/users\/21"}],"replies":[{"embeddable":true,"href":"https:\/\/jornalhoje.inf.br\/wp\/wp-json\/wp\/v2\/comments?post=116019"}],"version-history":[{"count":1,"href":"https:\/\/jornalhoje.inf.br\/wp\/wp-json\/wp\/v2\/posts\/116019\/revisions"}],"predecessor-version":[{"id":116021,"href":"https:\/\/jornalhoje.inf.br\/wp\/wp-json\/wp\/v2\/posts\/116019\/revisions\/116021"}],"wp:featuredmedia":[{"embeddable":true,"href":"https:\/\/jornalhoje.inf.br\/wp\/wp-json\/wp\/v2\/media\/116020"}],"wp:attachment":[{"href":"https:\/\/jornalhoje.inf.br\/wp\/wp-json\/wp\/v2\/media?parent=116019"}],"wp:term":[{"taxonomy":"category","embeddable":true,"href":"https:\/\/jornalhoje.inf.br\/wp\/wp-json\/wp\/v2\/categories?post=116019"},{"taxonomy":"post_tag","embeddable":true,"href":"https:\/\/jornalhoje.inf.br\/wp\/wp-json\/wp\/v2\/tags?post=116019"}],"curies":[{"name":"wp","href":"https:\/\/api.w.org\/{rel}","templated":true}]}}