{"id":116038,"date":"2020-05-15T16:54:11","date_gmt":"2020-05-15T19:54:11","guid":{"rendered":"https:\/\/jornalhoje.inf.br\/wp\/?p=116038"},"modified":"2020-05-15T16:54:11","modified_gmt":"2020-05-15T19:54:11","slug":"taxa-de-isolamento-social-em-sao-paulo-se-mantem-abaixo-dos-55","status":"publish","type":"post","link":"https:\/\/jornalhoje.inf.br\/wp\/taxa-de-isolamento-social-em-sao-paulo-se-mantem-abaixo-dos-55\/","title":{"rendered":"Taxa de isolamento social em S\u00e3o Paulo se mant\u00e9m abaixo dos 55%"},"content":{"rendered":"<div id=\"fb-root\"><\/div>\n<h3 class=\"col-10 offset-1 animated fadeInDown dealy-900 display-8 display-md-8 alt-font font-italic my-1 text-center\">A taxa considerada ideal \u00e9 acima de 70%<\/h3>\n<p>&nbsp;<\/p>\n<figure id=\"attachment_116039\" aria-describedby=\"caption-attachment-116039\" style=\"width: 300px\" class=\"wp-caption alignnone\"><img fetchpriority=\"high\" decoding=\"async\" class=\"size-medium wp-image-116039\" src=\"https:\/\/jornalhoje.inf.br\/wp\/wp-content\/uploads\/2020\/05\/sao_paulo_quarentena-300x179.jpg\" alt=\"\" width=\"300\" height=\"179\" srcset=\"https:\/\/jornalhoje.inf.br\/wp\/wp-content\/uploads\/2020\/05\/sao_paulo_quarentena-300x179.jpg 300w, https:\/\/jornalhoje.inf.br\/wp\/wp-content\/uploads\/2020\/05\/sao_paulo_quarentena-768x459.jpg 768w, https:\/\/jornalhoje.inf.br\/wp\/wp-content\/uploads\/2020\/05\/sao_paulo_quarentena-1024x613.jpg 1024w, https:\/\/jornalhoje.inf.br\/wp\/wp-content\/uploads\/2020\/05\/sao_paulo_quarentena.jpg 1170w\" sizes=\"(max-width: 300px) 100vw, 300px\" \/><figcaption id=\"caption-attachment-116039\" class=\"wp-caption-text\">Movimento no Viaduto do Ch\u00e1 durante a quarentena<\/figcaption><\/figure>\n<p>Apesar de subir um ou dois pontos percentuais em rela\u00e7\u00e3o \u00e0s duas \u00faltimas quintas-feiras, a taxa de isolamento social em S\u00e3o Paulo ontem (14) foi de apenas 48%, bem abaixo do m\u00ednimo considerado pelo governo paulista como satisfat\u00f3rio para diminuir a propaga\u00e7\u00e3o do novo coronav\u00edrus (covid-19) e para evitar um colapso no sistema de sa\u00fade, estabelecido em 55%. A taxa considerada ideal \u00e9 acima de 70%.<\/p>\n<p>Desde segunda-feira (11), a taxa de isolamento em todo o estado n\u00e3o conseguiu ultrapassar os 48%. Como essa taxa vem se mantendo baixa em todo o estado h\u00e1 pelo menos duas semanas, melhorando um pouco aos finais de semana e feriados, um estudo da Universidade de Campinas (Unicamp)\u00a0aponta que ser\u00e1 necess\u00e1rio decretar\u00a0<em>lockdown<\/em>\u00a0no estado nos pr\u00f3ximos dias. O\u00a0<em>lockdown<\/em>\u00a0\u00e9 uma medida mais restritiva e obrigat\u00f3ria tomada pelos governos, podendo at\u00e9 mesmo aplicar multas ou penas para as pessoas que continuem a se movimentar sem necessidade pela cidade durante a pandemia.<\/p>\n<p>Hoje (15), o governador de S\u00e3o Paulo, Jo\u00e3o Doria, anunciou que j\u00e1 tem um protocolo preparado de\u00a0<em>lockdown<\/em>\u00a0no estado, para ser aplicado caso seja necess\u00e1rio. \u201cO protocolo existe, est\u00e1 pronto. Mas neste momento ele n\u00e3o ser\u00e1 aplicado. Se houver necessidade, aplicaremos\u201d, disse.<\/p>\n<p>S\u00e3o Paulo tem, at\u00e9 o momento, 58.247 casos confirmados do novo coronav\u00edrus, com 4.501 \u00f3bitos. O incremento do n\u00famero de casos confirmados registrado nas \u00faltimas 24 horas no estado foi de 3.961, 7% a mais em rela\u00e7\u00e3o ao dia anterior e o mais alto j\u00e1 observado desde o in\u00edcio da pandemia.<\/p>\n","protected":false},"excerpt":{"rendered":"<p>A taxa considerada ideal \u00e9 acima de 70% &nbsp; Apesar de subir um ou dois pontos percentuais em rela\u00e7\u00e3o \u00e0s duas \u00faltimas quintas-feiras, a taxa de isolamento social em S\u00e3o Paulo ontem (14) foi de apenas 48%, bem abaixo do m\u00ednimo considerado pelo governo paulista como satisfat\u00f3rio para diminuir a propaga\u00e7\u00e3o do novo coronav\u00edrus (covid-19) e para evitar um colapso no sistema de sa\u00fade, estabelecido em 55%. A taxa considerada ideal \u00e9 acima de 70%. Desde segunda-feira (11), a taxa de isolamento em todo o estado n\u00e3o conseguiu ultrapassar os 48%. Como essa taxa vem se mantendo baixa em todo o estado h\u00e1 pelo menos duas semanas, melhorando um pouco aos finais de semana e feriados, um estudo da Universidade de Campinas (Unicamp)\u00a0aponta que ser\u00e1 necess\u00e1rio decretar\u00a0lockdown\u00a0no estado nos pr\u00f3ximos dias. O\u00a0lockdown\u00a0\u00e9 uma medida mais restritiva e obrigat\u00f3ria tomada pelos governos, podendo at\u00e9 mesmo aplicar multas ou penas para as pessoas que continuem a se movimentar sem necessidade pela cidade durante a pandemia. Hoje (15), o governador de S\u00e3o Paulo, Jo\u00e3o Doria, anunciou que j\u00e1 tem um protocolo preparado de\u00a0lockdown\u00a0no estado, para ser aplicado caso seja necess\u00e1rio. \u201cO protocolo existe, est\u00e1 pronto. Mas neste momento ele n\u00e3o ser\u00e1 aplicado. Se houver necessidade, aplicaremos\u201d, disse. S\u00e3o Paulo tem, at\u00e9 o momento, 58.247 casos confirmados do novo coronav\u00edrus, com 4.501 \u00f3bitos. O incremento do n\u00famero de casos confirmados registrado nas \u00faltimas 24 horas no estado foi de 3.961, 7% a mais em rela\u00e7\u00e3o ao dia anterior e o mais alto j\u00e1 observado desde o in\u00edcio da pandemia.<\/p>\n","protected":false},"author":21,"featured_media":116039,"comment_status":"open","ping_status":"open","sticky":false,"template":"","format":"standard","meta":{"_seopress_robots_primary_cat":"","_seopress_titles_title":"","_seopress_titles_desc":"","_seopress_robots_index":"","footnotes":""},"categories":[30,16,31],"tags":[],"class_list":["post-116038","post","type-post","status-publish","format-standard","has-post-thumbnail","hentry","category-destaques","category-geral","category-principais"],"_links":{"self":[{"href":"https:\/\/jornalhoje.inf.br\/wp\/wp-json\/wp\/v2\/posts\/116038","targetHints":{"allow":["GET"]}}],"collection":[{"href":"https:\/\/jornalhoje.inf.br\/wp\/wp-json\/wp\/v2\/posts"}],"about":[{"href":"https:\/\/jornalhoje.inf.br\/wp\/wp-json\/wp\/v2\/types\/post"}],"author":[{"embeddable":true,"href":"https:\/\/jornalhoje.inf.br\/wp\/wp-json\/wp\/v2\/users\/21"}],"replies":[{"embeddable":true,"href":"https:\/\/jornalhoje.inf.br\/wp\/wp-json\/wp\/v2\/comments?post=116038"}],"version-history":[{"count":1,"href":"https:\/\/jornalhoje.inf.br\/wp\/wp-json\/wp\/v2\/posts\/116038\/revisions"}],"predecessor-version":[{"id":116040,"href":"https:\/\/jornalhoje.inf.br\/wp\/wp-json\/wp\/v2\/posts\/116038\/revisions\/116040"}],"wp:featuredmedia":[{"embeddable":true,"href":"https:\/\/jornalhoje.inf.br\/wp\/wp-json\/wp\/v2\/media\/116039"}],"wp:attachment":[{"href":"https:\/\/jornalhoje.inf.br\/wp\/wp-json\/wp\/v2\/media?parent=116038"}],"wp:term":[{"taxonomy":"category","embeddable":true,"href":"https:\/\/jornalhoje.inf.br\/wp\/wp-json\/wp\/v2\/categories?post=116038"},{"taxonomy":"post_tag","embeddable":true,"href":"https:\/\/jornalhoje.inf.br\/wp\/wp-json\/wp\/v2\/tags?post=116038"}],"curies":[{"name":"wp","href":"https:\/\/api.w.org\/{rel}","templated":true}]}}