{"id":127688,"date":"2021-10-05T17:24:51","date_gmt":"2021-10-05T20:24:51","guid":{"rendered":"https:\/\/jornalhoje.inf.br\/wp\/?p=127688"},"modified":"2021-10-05T17:25:30","modified_gmt":"2021-10-05T20:25:30","slug":"papa-manifesta-tristeza-por-abusos-de-menores-pela-igreja-na-franca","status":"publish","type":"post","link":"https:\/\/jornalhoje.inf.br\/wp\/papa-manifesta-tristeza-por-abusos-de-menores-pela-igreja-na-franca\/","title":{"rendered":"Papa manifesta tristeza por abusos de menores pela Igreja na Fran\u00e7a"},"content":{"rendered":"<div id=\"fb-root\"><\/div>\n<div class=\"col-lg-12 mb-3\">\n<div class=\"row\">\n<h3 class=\"col-10 offset-1 animated fadeInDown dealy-900 display-8 display-md-8 alt-font font-italic my-1 text-center\">Relat\u00f3rio sobre abuso de crian\u00e7as foi divulgado hoje em Paris\u00a0 &#8211;<\/h3>\n<\/div>\n<p>RTP &#8211; Cidade do Vaticano &#8211; O papa Francisco manifestou hoje (5) &#8220;profunda tristeza&#8221; ap\u00f3s a publica\u00e7\u00e3o de um relat\u00f3rio sobre abusos sexuais de crian\u00e7as e outros menores pela Igreja Cat\u00f3lica francesa, dizendo que &#8220;tomou conhecimento dessa terr\u00edvel realidade&#8221;.<img decoding=\"async\" src=\"https:\/\/agenciabrasil.ebc.com.br\/ebc.png?id=1423611&amp;o=node\" \/><img decoding=\"async\" src=\"https:\/\/agenciabrasil.ebc.com.br\/ebc.gif?id=1423611&amp;o=node\" \/><\/p>\n<\/div>\n<div class=\"col-xl-7 offset-xl-1 col-lg-8 offset-lg-0 col-md-10 offset-md-1 mb-3\">\n<div class=\"post-item alt-font\">\n<div class=\"post-item-wrap\">\n<p>&#8220;O pensamento do papa dirige-se, em primeiro lugar, \u00e0s v\u00edtimas, com imensa dor pelas feridas e gratid\u00e3o pela coragem de denunciar. Dirige-se tamb\u00e9m \u00e0 Igreja da Fran\u00e7a, para que, ao tomar\u00a0consci\u00eancia dessa terr\u00edvel realidade,\u00a0possa empreender o caminho da reden\u00e7\u00e3o&#8221;, declarou o porta-voz do Vaticano, Matteo Brun, aos jornalistas sobre a rea\u00e7\u00e3o do papa ao relat\u00f3rio.<\/p>\n<p>Tamb\u00e9m hoje, o episcopado franc\u00eas expressou &#8220;vergonha&#8221; e pediu &#8220;perd\u00e3o&#8221; \u00e0s v\u00edtimas de crimes de pedofilia, ap\u00f3s a divulga\u00e7\u00e3o de um relat\u00f3rio que revela que mais de 300 mil menores foram abusados pela Igreja Cat\u00f3lica francesa durante 70 anos.<\/p>\n<p>Elaborado por uma comiss\u00e3o independente e apresentado nesta ter\u00e7a-feira em Paris, o relat\u00f3rio concluiu que mais de 300 mil menores foram abusados e agredidos em institui\u00e7\u00f5es da Igreja Cat\u00f3lica francesa, responsabilizando diretamente cl\u00e9rigos e religiosos por 216 mil v\u00edtimas, entre 1950 e 2020.<\/p>\n<p>&#8220;O meu desejo neste dia \u00e9 pedir o vosso perd\u00e3o, o perd\u00e3o de cada um de v\u00f3s&#8221;, disse o bispo Eric de Moulins-Beaufort, presidente da Confer\u00eancia Episcopal Francesa.<\/p>\n<p>De acordo com o relat\u00f3rio, cerca de 216 mil crian\u00e7as ou adolescentes foram abusados ou agredidos sexualmente por cl\u00e9rigos cat\u00f3licos ou religiosos.<\/p>\n<p>O n\u00famero de v\u00edtimas sobe para 330 mil, quando considerados &#8220;agressores leigos que trabalham em institui\u00e7\u00f5es da Igreja Cat\u00f3lica&#8221;, especialmente\u00a0nos trabalhos de assist\u00eancia religiosa, professores nas escolas cat\u00f3licas ou em movimentos juvenis, segundo o presidente da Comiss\u00e3o Independente sobre os Abusos da Igreja (Ciase, na sigla em franc\u00eas), Jean-Marc Sauv\u00e9, durante a apresenta\u00e7\u00e3o do relat\u00f3rio \u00e0 imprensa.<\/p>\n<p>&#8220;Esses n\u00fameros s\u00e3o mais do que preocupantes, s\u00e3o conden\u00e1veis e n\u00e3o podem de forma alguma ser ignorados&#8221;, disse Jean-Marc Sauv\u00e9, acrescentando\u00a0que a estimativa revelou que cerca de 80% s\u00e3o v\u00edtimas masculinas.<\/p>\n<p>&#8220;As consequ\u00eancias s\u00e3o muito graves&#8221;, disse Sauv\u00e9, adiantando que &#8220;cerca de 60% dos homens e mulheres que foram abusados sexualmente revelam grandes problemas na sua vida sentimental ou sexual&#8221;.<\/p>\n<p>O relat\u00f3rio de 2.500 p\u00e1ginas identifica cerca de 3 mil\u00a0abusadores &#8211; dois ter\u00e7os dos quais padres &#8211; que trabalharam na Igreja francesa no\u00a0per\u00edodo.<\/p>\n<p>Para a comiss\u00e3o, as conclus\u00f5es do relat\u00f3rio revelam fen\u00f4meno de &#8220;natureza sist\u00eamica&#8221;, cuja responsabilidade a Igreja Cat\u00f3lica deve reconhecer, assegurando &#8220;repara\u00e7\u00e3o&#8221; financeira a\u00a0todas as v\u00edtimas.<\/p>\n<p>De acordo com Sauv\u00e9, h\u00e1 22 alegados crimes que ainda n\u00e3o prescreveram e foram encaminhados \u00e0s autoridades judiciais.<\/p>\n<p>Mais de 40 casos\u00a0antigos para serem processados, mas que envolvem suspeitas sobre abusadores ainda vivos, foram encaminhados para an\u00e1lise dentro da pr\u00f3pria Igreja.<\/p>\n<p>Olivier Savignac, l\u00edder da associa\u00e7\u00e3o de v\u00edtimas &#8220;Parler et Revivre&#8221;, que contribuiu para a investiga\u00e7\u00e3o, destacou\u00a0que a elevada propor\u00e7\u00e3o de v\u00edtimas por agressor \u00e9 particularmente &#8220;aterradora para a sociedade francesa e para a Igreja Cat\u00f3lica&#8221;.<\/p>\n<p>O relat\u00f3rio surge depois do esc\u00e2ndalo que envolveu o agora ex-padre Bernard Preynat, condenado, no ano passado, por abuso sexual a uma pena de pris\u00e3o de cinco anos, por ter abusado de mais de 75 rapazes durante d\u00e9cadas.<\/p>\n<\/div>\n<\/div>\n<\/div>\n","protected":false},"excerpt":{"rendered":"<p>Relat\u00f3rio sobre abuso de crian\u00e7as foi divulgado hoje em Paris\u00a0 &#8211; RTP &#8211; Cidade do Vaticano &#8211; O papa Francisco manifestou hoje (5) &#8220;profunda tristeza&#8221; ap\u00f3s a publica\u00e7\u00e3o de um relat\u00f3rio sobre abusos sexuais de crian\u00e7as e outros menores pela Igreja Cat\u00f3lica francesa, dizendo que &#8220;tomou conhecimento dessa terr\u00edvel realidade&#8221;. &#8220;O pensamento do papa dirige-se, em primeiro lugar, \u00e0s v\u00edtimas, com imensa dor pelas feridas e gratid\u00e3o pela coragem de denunciar. Dirige-se tamb\u00e9m \u00e0 Igreja da Fran\u00e7a, para que, ao tomar\u00a0consci\u00eancia dessa terr\u00edvel realidade,\u00a0possa empreender o caminho da reden\u00e7\u00e3o&#8221;, declarou o porta-voz do Vaticano, Matteo Brun, aos jornalistas sobre a rea\u00e7\u00e3o do papa ao relat\u00f3rio. Tamb\u00e9m hoje, o episcopado franc\u00eas expressou &#8220;vergonha&#8221; e pediu &#8220;perd\u00e3o&#8221; \u00e0s v\u00edtimas de crimes de pedofilia, ap\u00f3s a divulga\u00e7\u00e3o de um relat\u00f3rio que revela que mais de 300 mil menores foram abusados pela Igreja Cat\u00f3lica francesa durante 70 anos. Elaborado por uma comiss\u00e3o independente e apresentado nesta ter\u00e7a-feira em Paris, o relat\u00f3rio concluiu que mais de 300 mil menores foram abusados e agredidos em institui\u00e7\u00f5es da Igreja Cat\u00f3lica francesa, responsabilizando diretamente cl\u00e9rigos e religiosos por 216 mil v\u00edtimas, entre 1950 e 2020. &#8220;O meu desejo neste dia \u00e9 pedir o vosso perd\u00e3o, o perd\u00e3o de cada um de v\u00f3s&#8221;, disse o bispo Eric de Moulins-Beaufort, presidente da Confer\u00eancia Episcopal Francesa. De acordo com o relat\u00f3rio, cerca de 216 mil crian\u00e7as ou adolescentes foram abusados ou agredidos sexualmente por cl\u00e9rigos cat\u00f3licos ou religiosos. O n\u00famero de v\u00edtimas sobe para 330 mil, quando considerados &#8220;agressores leigos que trabalham em institui\u00e7\u00f5es da Igreja Cat\u00f3lica&#8221;, especialmente\u00a0nos trabalhos de assist\u00eancia religiosa, professores nas escolas cat\u00f3licas ou em movimentos juvenis, segundo o presidente da Comiss\u00e3o Independente sobre os Abusos da Igreja (Ciase, na sigla em franc\u00eas), Jean-Marc Sauv\u00e9, durante a apresenta\u00e7\u00e3o do relat\u00f3rio \u00e0 imprensa. &#8220;Esses n\u00fameros s\u00e3o mais do que preocupantes, s\u00e3o conden\u00e1veis e n\u00e3o podem de forma alguma ser ignorados&#8221;, disse Jean-Marc Sauv\u00e9, acrescentando\u00a0que a estimativa revelou que cerca de 80% s\u00e3o v\u00edtimas masculinas. &#8220;As consequ\u00eancias s\u00e3o muito graves&#8221;, disse Sauv\u00e9, adiantando que &#8220;cerca de 60% dos homens e mulheres que foram abusados sexualmente revelam grandes problemas na sua vida sentimental ou sexual&#8221;. O relat\u00f3rio de 2.500 p\u00e1ginas identifica cerca de 3 mil\u00a0abusadores &#8211; dois ter\u00e7os dos quais padres &#8211; que trabalharam na Igreja francesa no\u00a0per\u00edodo. Para a comiss\u00e3o, as conclus\u00f5es do relat\u00f3rio revelam fen\u00f4meno de &#8220;natureza sist\u00eamica&#8221;, cuja responsabilidade a Igreja Cat\u00f3lica deve reconhecer, assegurando &#8220;repara\u00e7\u00e3o&#8221; financeira a\u00a0todas as v\u00edtimas. De acordo com Sauv\u00e9, h\u00e1 22 alegados crimes que ainda n\u00e3o prescreveram e foram encaminhados \u00e0s autoridades judiciais. Mais de 40 casos\u00a0antigos para serem processados, mas que envolvem suspeitas sobre abusadores ainda vivos, foram encaminhados para an\u00e1lise dentro da pr\u00f3pria Igreja. Olivier Savignac, l\u00edder da associa\u00e7\u00e3o de v\u00edtimas &#8220;Parler et Revivre&#8221;, que contribuiu para a investiga\u00e7\u00e3o, destacou\u00a0que a elevada propor\u00e7\u00e3o de v\u00edtimas por agressor \u00e9 particularmente &#8220;aterradora para a sociedade francesa e para a Igreja Cat\u00f3lica&#8221;. O relat\u00f3rio surge depois do esc\u00e2ndalo que envolveu o agora ex-padre Bernard Preynat, condenado, no ano passado, por abuso sexual a uma pena de pris\u00e3o de cinco anos, por ter abusado de mais de 75 rapazes durante d\u00e9cadas.<\/p>\n","protected":false},"author":3,"featured_media":127690,"comment_status":"open","ping_status":"open","sticky":false,"template":"","format":"standard","meta":{"_seopress_robots_primary_cat":"","_seopress_titles_title":"","_seopress_titles_desc":"","_seopress_robots_index":"","footnotes":""},"categories":[30,33,31],"tags":[],"class_list":["post-127688","post","type-post","status-publish","format-standard","has-post-thumbnail","hentry","category-destaques","category-internacional","category-principais"],"_links":{"self":[{"href":"https:\/\/jornalhoje.inf.br\/wp\/wp-json\/wp\/v2\/posts\/127688","targetHints":{"allow":["GET"]}}],"collection":[{"href":"https:\/\/jornalhoje.inf.br\/wp\/wp-json\/wp\/v2\/posts"}],"about":[{"href":"https:\/\/jornalhoje.inf.br\/wp\/wp-json\/wp\/v2\/types\/post"}],"author":[{"embeddable":true,"href":"https:\/\/jornalhoje.inf.br\/wp\/wp-json\/wp\/v2\/users\/3"}],"replies":[{"embeddable":true,"href":"https:\/\/jornalhoje.inf.br\/wp\/wp-json\/wp\/v2\/comments?post=127688"}],"version-history":[{"count":2,"href":"https:\/\/jornalhoje.inf.br\/wp\/wp-json\/wp\/v2\/posts\/127688\/revisions"}],"predecessor-version":[{"id":127691,"href":"https:\/\/jornalhoje.inf.br\/wp\/wp-json\/wp\/v2\/posts\/127688\/revisions\/127691"}],"wp:featuredmedia":[{"embeddable":true,"href":"https:\/\/jornalhoje.inf.br\/wp\/wp-json\/wp\/v2\/media\/127690"}],"wp:attachment":[{"href":"https:\/\/jornalhoje.inf.br\/wp\/wp-json\/wp\/v2\/media?parent=127688"}],"wp:term":[{"taxonomy":"category","embeddable":true,"href":"https:\/\/jornalhoje.inf.br\/wp\/wp-json\/wp\/v2\/categories?post=127688"},{"taxonomy":"post_tag","embeddable":true,"href":"https:\/\/jornalhoje.inf.br\/wp\/wp-json\/wp\/v2\/tags?post=127688"}],"curies":[{"name":"wp","href":"https:\/\/api.w.org\/{rel}","templated":true}]}}