{"id":136443,"date":"2022-04-28T15:56:28","date_gmt":"2022-04-28T18:56:28","guid":{"rendered":"https:\/\/jornalhoje.inf.br\/wp\/?p=136443"},"modified":"2022-04-28T15:56:31","modified_gmt":"2022-04-28T18:56:31","slug":"policia-encontrou-1-150-corpos-em-kiev-desde-inicio-de-invasao","status":"publish","type":"post","link":"https:\/\/jornalhoje.inf.br\/wp\/policia-encontrou-1-150-corpos-em-kiev-desde-inicio-de-invasao\/","title":{"rendered":"Pol\u00edcia encontrou 1.150 corpos em Kiev desde in\u00edcio de invas\u00e3o"},"content":{"rendered":"<div id=\"fb-root\"><\/div>\n\n<p>Natalia Zinets &#8211; Reuters &#8211; Os corpos de 1.150 civis foram recuperados na regi\u00e3o de Kiev, na Ucr\u00e2nia, desde a invas\u00e3o da R\u00fassia, e 50% a 70% deles t\u00eam ferimentos de balas de armas pequenas, informou\u00a0a pol\u00edcia local\u00a0nesta quinta-feira (28).<img decoding=\"async\" src=\"https:\/\/agenciabrasil.ebc.com.br\/ebc.png?id=1456689&amp;o=node\"><img decoding=\"async\" src=\"https:\/\/agenciabrasil.ebc.com.br\/ebc.gif?id=1456689&amp;o=node\"><\/p>\n\n\n\n<p>O chefe da pol\u00edcia regional de Kiev, Andriy Nebytov, afirmou, em v\u00eddeo postado no Twitter, que a maioria dos corpos foi encontrada na cidade de Bucha, onde centenas de cad\u00e1veres foram descobertos desde a retirada das for\u00e7as russas.<\/p>\n\n\n\n<p>A Ucr\u00e2nia afirma que os civis encontrados em Bucha foram mortos pelas for\u00e7as russas durante ocupa\u00e7\u00e3o da \u00e1rea. A Reuters n\u00e3o conseguiu verificar o n\u00famero de corpos em Bucha ou as circunst\u00e2ncias dessas mortes.&nbsp;<\/p>\n\n\n\n<p>A R\u00fassia nega atacar civis desde a invas\u00e3o da Ucr\u00e2nia, em 24 de fevereiro. Diz que alega\u00e7\u00f5es de que as for\u00e7as russas executaram civis em Bucha, enquanto ocupavam a cidade, s\u00e3o&nbsp;&#8220;falsifica\u00e7\u00e3o monstruosa&#8221; destinada a difamar o Ex\u00e9rcito.<\/p>\n\n\n\n<p>A Reuters pediu ao Minist\u00e9rio da Defesa russo coment\u00e1rios sobre a mais recente declara\u00e7\u00e3o da pol\u00edcia de Kiev.<\/p>\n\n\n\n<p>&#8220;At\u00e9 o momento, encontramos, examinamos e entregamos a institui\u00e7\u00f5es forenses 1.150 corpos de civis mortos&#8221;, disse Nebytov no v\u00eddeo, em que mostrou tamb\u00e9m escombros de pr\u00e9dios destru\u00eddos durante intensos combates na regi\u00e3o de Kiev.<\/p>\n\n\n\n<p>&#8220;Quero enfatizar que s\u00e3o civis, n\u00e3o militares&#8221;, declarou.<\/p>\n\n\n\n<p>O v\u00eddeo foi postado no dia em que o secret\u00e1rio-geral da Organiza\u00e7\u00e3o das Na\u00e7\u00f5es Unidas, Ant\u00f3nio Guterres, mant\u00e9m&nbsp;conversas em Kiev com o presidente ucraniano, Volodymyr Zelenskiy.<\/p>\n\n\n\n<p>A televis\u00e3o ucraniana mostrou Guterres visitando a cidade de Borodyanka, onde Zelenskiy disse que a situa\u00e7\u00e3o \u00e9 &#8220;significativamente mais terr\u00edvel&#8221; do que na vizinha Bucha.<\/p>\n","protected":false},"excerpt":{"rendered":"<p>Natalia Zinets &#8211; Reuters &#8211; Os corpos de 1.150 civis foram recuperados na regi\u00e3o de Kiev, na Ucr\u00e2nia, desde a invas\u00e3o da R\u00fassia, e 50% a 70% deles t\u00eam ferimentos de balas de armas pequenas, informou\u00a0a pol\u00edcia local\u00a0nesta quinta-feira (28). O chefe da pol\u00edcia regional de Kiev, Andriy Nebytov, afirmou, em v\u00eddeo postado no Twitter, que a maioria dos corpos foi encontrada na cidade de Bucha, onde centenas de cad\u00e1veres foram descobertos desde a retirada das for\u00e7as russas. A Ucr\u00e2nia afirma que os civis encontrados em Bucha foram mortos pelas for\u00e7as russas durante ocupa\u00e7\u00e3o da \u00e1rea. A Reuters n\u00e3o conseguiu verificar o n\u00famero de corpos em Bucha ou as circunst\u00e2ncias dessas mortes.&nbsp; A R\u00fassia nega atacar civis desde a invas\u00e3o da Ucr\u00e2nia, em 24 de fevereiro. Diz que alega\u00e7\u00f5es de que as for\u00e7as russas executaram civis em Bucha, enquanto ocupavam a cidade, s\u00e3o&nbsp;&#8220;falsifica\u00e7\u00e3o monstruosa&#8221; destinada a difamar o Ex\u00e9rcito. A Reuters pediu ao Minist\u00e9rio da Defesa russo coment\u00e1rios sobre a mais recente declara\u00e7\u00e3o da pol\u00edcia de Kiev. &#8220;At\u00e9 o momento, encontramos, examinamos e entregamos a institui\u00e7\u00f5es forenses 1.150 corpos de civis mortos&#8221;, disse Nebytov no v\u00eddeo, em que mostrou tamb\u00e9m escombros de pr\u00e9dios destru\u00eddos durante intensos combates na regi\u00e3o de Kiev. &#8220;Quero enfatizar que s\u00e3o civis, n\u00e3o militares&#8221;, declarou. O v\u00eddeo foi postado no dia em que o secret\u00e1rio-geral da Organiza\u00e7\u00e3o das Na\u00e7\u00f5es Unidas, Ant\u00f3nio Guterres, mant\u00e9m&nbsp;conversas em Kiev com o presidente ucraniano, Volodymyr Zelenskiy. A televis\u00e3o ucraniana mostrou Guterres visitando a cidade de Borodyanka, onde Zelenskiy disse que a situa\u00e7\u00e3o \u00e9 &#8220;significativamente mais terr\u00edvel&#8221; do que na vizinha Bucha.<\/p>\n","protected":false},"author":3,"featured_media":136444,"comment_status":"open","ping_status":"open","sticky":false,"template":"","format":"standard","meta":{"_seopress_robots_primary_cat":"","_seopress_titles_title":"","_seopress_titles_desc":"","_seopress_robots_index":"","footnotes":""},"categories":[16,33,31],"tags":[],"class_list":["post-136443","post","type-post","status-publish","format-standard","has-post-thumbnail","hentry","category-geral","category-internacional","category-principais"],"_links":{"self":[{"href":"https:\/\/jornalhoje.inf.br\/wp\/wp-json\/wp\/v2\/posts\/136443","targetHints":{"allow":["GET"]}}],"collection":[{"href":"https:\/\/jornalhoje.inf.br\/wp\/wp-json\/wp\/v2\/posts"}],"about":[{"href":"https:\/\/jornalhoje.inf.br\/wp\/wp-json\/wp\/v2\/types\/post"}],"author":[{"embeddable":true,"href":"https:\/\/jornalhoje.inf.br\/wp\/wp-json\/wp\/v2\/users\/3"}],"replies":[{"embeddable":true,"href":"https:\/\/jornalhoje.inf.br\/wp\/wp-json\/wp\/v2\/comments?post=136443"}],"version-history":[{"count":1,"href":"https:\/\/jornalhoje.inf.br\/wp\/wp-json\/wp\/v2\/posts\/136443\/revisions"}],"predecessor-version":[{"id":136445,"href":"https:\/\/jornalhoje.inf.br\/wp\/wp-json\/wp\/v2\/posts\/136443\/revisions\/136445"}],"wp:featuredmedia":[{"embeddable":true,"href":"https:\/\/jornalhoje.inf.br\/wp\/wp-json\/wp\/v2\/media\/136444"}],"wp:attachment":[{"href":"https:\/\/jornalhoje.inf.br\/wp\/wp-json\/wp\/v2\/media?parent=136443"}],"wp:term":[{"taxonomy":"category","embeddable":true,"href":"https:\/\/jornalhoje.inf.br\/wp\/wp-json\/wp\/v2\/categories?post=136443"},{"taxonomy":"post_tag","embeddable":true,"href":"https:\/\/jornalhoje.inf.br\/wp\/wp-json\/wp\/v2\/tags?post=136443"}],"curies":[{"name":"wp","href":"https:\/\/api.w.org\/{rel}","templated":true}]}}