{"id":140576,"date":"2022-08-22T14:09:24","date_gmt":"2022-08-22T17:09:24","guid":{"rendered":"https:\/\/jornalhoje.inf.br\/wp\/?p=140576"},"modified":"2022-08-22T14:09:28","modified_gmt":"2022-08-22T17:09:28","slug":"equipe-da-pf-comeca-a-inspecionar-codigos-fonte-da-urna-eletronica","status":"publish","type":"post","link":"https:\/\/jornalhoje.inf.br\/wp\/equipe-da-pf-comeca-a-inspecionar-codigos-fonte-da-urna-eletronica\/","title":{"rendered":"Equipe da PF come\u00e7a a inspecionar c\u00f3digos-fonte da urna eletr\u00f4nica"},"content":{"rendered":"<div id=\"fb-root\"><\/div>\n\n<p><audio src=\"https:\/\/tts-app.ebc.com.br\/media\/tts\/173673.mp3\"><\/audio><\/p>\n\n\n\n<p>Ag\u00eancia Brasil &#8211; Integrantes da Pol\u00edcia Federal (PF) come\u00e7aram hoje (22) a inspecionar, na sede do Tribunal Superior Eleitoral (TSE), em Bras\u00edlia, os c\u00f3digos-fonte da urna eletr\u00f4nica, bem como de todo o sistema eletr\u00f4nico de vota\u00e7\u00e3o.<img decoding=\"async\" src=\"https:\/\/agenciabrasil.ebc.com.br\/ebc.png?id=1478008&amp;o=node\"><img decoding=\"async\" src=\"https:\/\/agenciabrasil.ebc.com.br\/ebc.gif?id=1478008&amp;o=node\"><\/p>\n\n\n\n<p>T\u00e9cnicos da PF com conhecimento sobre linguagem de programa\u00e7\u00e3o devem realizar o procedimento at\u00e9 sexta-feira, dia 16 de setembro, em uma sala destinada a esse fim no subsolo do TSE. Durante esse tempo, eles poder\u00e3o receber informa\u00e7\u00f5es e tirar d\u00favidas com os t\u00e9cnicos do tribunal.<\/p>\n\n\n\n<p>Al\u00e9m da PF, institui\u00e7\u00f5es como o Minist\u00e9rio P\u00fablico e a Controladoria-Geral da Uni\u00e3o (CGU) tamb\u00e9m enviaram t\u00e9cnicos para inspecionar os c\u00f3digos-fonte do sistema eletr\u00f4nico de vota\u00e7\u00e3o. Atualmente, al\u00e9m da PF, membros das For\u00e7as Armadas&nbsp;<a href=\"https:\/\/agenciabrasil.ebc.com.br\/politica\/noticia\/2022-08\/tse-autoriza-inclusao-de-nove-militares-em-inspecao-da-urna-eletronica\" target=\"_blank\" rel=\"noreferrer noopener\">tamb\u00e9m realizam o procedimento<\/a>.<\/p>\n\n\n\n<h2 class=\"wp-block-heading\">Entenda<\/h2>\n\n\n\n<p>C\u00f3digos-fonte s\u00e3o as linhas de comando que comp\u00f5em os programas de computador que, por sua vez, s\u00e3o empregados no funcionamento de algum equipamento eletr\u00f4nico. No caso das elei\u00e7\u00f5es, a integridade dos c\u00f3digos do sistema de vota\u00e7\u00e3o, que s\u00e3o desenvolvidos pela pr\u00f3pria Justi\u00e7a Eleitoral, \u00e9 fundamental para impedir fraudes.<\/p>\n\n\n\n<p>A inspe\u00e7\u00e3o aos c\u00f3digos-fonte do sistema eletr\u00f4nico de vota\u00e7\u00e3o \u00e9 uma das etapas obrigat\u00f3rias do processo eleitoral e pode ser feita por dezenas de institui\u00e7\u00f5es autorizadas. A lista inclui partidos, Minist\u00e9rio P\u00fablico Federal, Pol\u00edcia Federal, universidades, Tribunal de Contas da Uni\u00e3o (TCU), Ordem dos Advogados do Brasil (OAB) e For\u00e7as Armadas, entre outras.<\/p>\n\n\n\n<p>Em elei\u00e7\u00f5es anteriores, a abertura dos c\u00f3digos para inspe\u00e7\u00e3o ocorreu sempre seis meses antes do pleito. No atual processo eleitoral, por\u00e9m, o TSE decidiu abrir o acesso aos c\u00f3digos em outubro de 2021, um ano antes da vota\u00e7\u00e3o. Na \u00e9poca, o ent\u00e3o presidente da corte eleitoral, ministro Lu\u00eds Roberto Barroso, disse que a medida foi tomada para aumentar a transpar\u00eancia.<\/p>\n","protected":false},"excerpt":{"rendered":"<p>Ag\u00eancia Brasil &#8211; Integrantes da Pol\u00edcia Federal (PF) come\u00e7aram hoje (22) a inspecionar, na sede do Tribunal Superior Eleitoral (TSE), em Bras\u00edlia, os c\u00f3digos-fonte da urna eletr\u00f4nica, bem como de todo o sistema eletr\u00f4nico de vota\u00e7\u00e3o. T\u00e9cnicos da PF com conhecimento sobre linguagem de programa\u00e7\u00e3o devem realizar o procedimento at\u00e9 sexta-feira, dia 16 de setembro, em uma sala destinada a esse fim no subsolo do TSE. Durante esse tempo, eles poder\u00e3o receber informa\u00e7\u00f5es e tirar d\u00favidas com os t\u00e9cnicos do tribunal. Al\u00e9m da PF, institui\u00e7\u00f5es como o Minist\u00e9rio P\u00fablico e a Controladoria-Geral da Uni\u00e3o (CGU) tamb\u00e9m enviaram t\u00e9cnicos para inspecionar os c\u00f3digos-fonte do sistema eletr\u00f4nico de vota\u00e7\u00e3o. Atualmente, al\u00e9m da PF, membros das For\u00e7as Armadas&nbsp;tamb\u00e9m realizam o procedimento. Entenda C\u00f3digos-fonte s\u00e3o as linhas de comando que comp\u00f5em os programas de computador que, por sua vez, s\u00e3o empregados no funcionamento de algum equipamento eletr\u00f4nico. No caso das elei\u00e7\u00f5es, a integridade dos c\u00f3digos do sistema de vota\u00e7\u00e3o, que s\u00e3o desenvolvidos pela pr\u00f3pria Justi\u00e7a Eleitoral, \u00e9 fundamental para impedir fraudes. A inspe\u00e7\u00e3o aos c\u00f3digos-fonte do sistema eletr\u00f4nico de vota\u00e7\u00e3o \u00e9 uma das etapas obrigat\u00f3rias do processo eleitoral e pode ser feita por dezenas de institui\u00e7\u00f5es autorizadas. A lista inclui partidos, Minist\u00e9rio P\u00fablico Federal, Pol\u00edcia Federal, universidades, Tribunal de Contas da Uni\u00e3o (TCU), Ordem dos Advogados do Brasil (OAB) e For\u00e7as Armadas, entre outras. Em elei\u00e7\u00f5es anteriores, a abertura dos c\u00f3digos para inspe\u00e7\u00e3o ocorreu sempre seis meses antes do pleito. No atual processo eleitoral, por\u00e9m, o TSE decidiu abrir o acesso aos c\u00f3digos em outubro de 2021, um ano antes da vota\u00e7\u00e3o. Na \u00e9poca, o ent\u00e3o presidente da corte eleitoral, ministro Lu\u00eds Roberto Barroso, disse que a medida foi tomada para aumentar a transpar\u00eancia.<\/p>\n","protected":false},"author":3,"featured_media":140577,"comment_status":"open","ping_status":"open","sticky":false,"template":"","format":"standard","meta":{"_seopress_robots_primary_cat":"","_seopress_titles_title":"","_seopress_titles_desc":"","_seopress_robots_index":"","footnotes":""},"categories":[14,31],"tags":[],"class_list":["post-140576","post","type-post","status-publish","format-standard","has-post-thumbnail","hentry","category-politica","category-principais"],"_links":{"self":[{"href":"https:\/\/jornalhoje.inf.br\/wp\/wp-json\/wp\/v2\/posts\/140576","targetHints":{"allow":["GET"]}}],"collection":[{"href":"https:\/\/jornalhoje.inf.br\/wp\/wp-json\/wp\/v2\/posts"}],"about":[{"href":"https:\/\/jornalhoje.inf.br\/wp\/wp-json\/wp\/v2\/types\/post"}],"author":[{"embeddable":true,"href":"https:\/\/jornalhoje.inf.br\/wp\/wp-json\/wp\/v2\/users\/3"}],"replies":[{"embeddable":true,"href":"https:\/\/jornalhoje.inf.br\/wp\/wp-json\/wp\/v2\/comments?post=140576"}],"version-history":[{"count":1,"href":"https:\/\/jornalhoje.inf.br\/wp\/wp-json\/wp\/v2\/posts\/140576\/revisions"}],"predecessor-version":[{"id":140578,"href":"https:\/\/jornalhoje.inf.br\/wp\/wp-json\/wp\/v2\/posts\/140576\/revisions\/140578"}],"wp:featuredmedia":[{"embeddable":true,"href":"https:\/\/jornalhoje.inf.br\/wp\/wp-json\/wp\/v2\/media\/140577"}],"wp:attachment":[{"href":"https:\/\/jornalhoje.inf.br\/wp\/wp-json\/wp\/v2\/media?parent=140576"}],"wp:term":[{"taxonomy":"category","embeddable":true,"href":"https:\/\/jornalhoje.inf.br\/wp\/wp-json\/wp\/v2\/categories?post=140576"},{"taxonomy":"post_tag","embeddable":true,"href":"https:\/\/jornalhoje.inf.br\/wp\/wp-json\/wp\/v2\/tags?post=140576"}],"curies":[{"name":"wp","href":"https:\/\/api.w.org\/{rel}","templated":true}]}}