{"id":144083,"date":"2022-11-08T21:46:11","date_gmt":"2022-11-08T23:46:11","guid":{"rendered":"https:\/\/jornalhoje.inf.br\/wp\/?p=144083"},"modified":"2022-11-08T21:46:37","modified_gmt":"2022-11-08T23:46:37","slug":"quanto-mais-velho-mais-polemico","status":"publish","type":"post","link":"https:\/\/jornalhoje.inf.br\/wp\/quanto-mais-velho-mais-polemico\/","title":{"rendered":"Quanto mais velho, mais pol\u00eamico"},"content":{"rendered":"<div id=\"fb-root\"><\/div>\n\n<h4 class=\"wp-block-heading\"><audio src=\"https:\/\/tts-app.ebc.com.br\/media\/tts\/193032.mp3\"><\/h4>\n\n\n\n<p>Carlos Molinari &#8211; TV Brasil &#8211; Em 1966 o t\u00e9cnico Vicente Feola convocou Djalma Santos para a Copa do Mundo da Inglaterra. O lateral-direito j\u00e1 tinha 37 anos e se tornou, at\u00e9 ent\u00e3o, o brasileiro mais veterano a participar de um Mundial, atuando em dois jogos: na vit\u00f3ria de 2 a 0 sobre a Bulg\u00e1ria e na derrota de 3 a 1 para a Hungria.<img decoding=\"async\" src=\"https:\/\/agenciabrasil.ebc.com.br\/ebc.png?id=1492858&amp;o=node\"><img decoding=\"async\" src=\"https:\/\/agenciabrasil.ebc.com.br\/ebc.gif?id=1492858&amp;o=node\"><\/p>\n\n\n\n<p>Tite, comandante da Sele\u00e7\u00e3o desde 2016, resolveu apostar na experi\u00eancia e bateu duplamente o recorde de Djalma Santos: convocou o zagueiro Thiago Silva, de 38 anos e que defende o Chelsea (Inglaterra), e o lateral-direito Daniel Alves, de 39 anos e que atualmente treina no time B do Barcelona (Espanha) mesmo tendo contrato em vigor com o Pumas (M\u00e9xico) at\u00e9 julho de 2023.<\/p>\n\n\n\n<p>Enquanto Thiago Silva \u00e9 titular da Sele\u00e7\u00e3o, Daniel Alves parece n\u00e3o ter espa\u00e7o no time. Seu rendimento em 2022 no Pumas foi bem abaixo do esperado: fez 12 jogos, nenhum gol e saiu de campo vaiado pela torcida em alguns jogos da Liga Mexicana.<\/p>\n\n\n\n<p>Para S\u00e9rgio Du Bocage, apresentador do programa \u201cNo Mundo da Bola\u201d, da&nbsp;<strong>TV Brasil<\/strong>, Daniel Alves dificilmente entrar\u00e1 em campo nesta Copa. Mas motivos pessoais explicam a convoca\u00e7\u00e3o do atleta por Tite: \u201cH\u00e1 muitas tentativas de explica\u00e7\u00e3o para a convoca\u00e7\u00e3o do Daniel Alves. Seria um capit\u00e3o fora de campo, em raz\u00e3o da experi\u00eancia somada ao longo da carreira, o pagamento de uma d\u00edvida pelo corte na Copa de 2018 ou a falta de alternativas para a posi\u00e7\u00e3o. Seja qual for, n\u00e3o se v\u00ea nesse questionamento a possibilidade de Daniel Alves vir a ser o titular. E n\u00e3o sei se vale a pena levar um jogador com esse perfil, fazendo com que tenhamos uma alternativa a menos para colocar em campo, num Mundial que promete ser de alto n\u00edvel\u201d.<\/p>\n\n\n\n<p>Daniel Alves coleciona t\u00edtulos por onde passou, sendo o jogador de futebol que mais venceu campeonatos no mundo: 42 ta\u00e7as, seja pela sele\u00e7\u00e3o brasileira, pelo Paris Saint-Germain (Fran\u00e7a), pela Juventus (It\u00e1lia), pelo Barcelona (Espanha), pelo Sevilla (Espanha) ou pelo Bahia. Pela sele\u00e7\u00e3o disputou 124 jogos, nos quais anotou 8 gols. Mas, pelo atual momento, praticamente em fim de carreira, a convoca\u00e7\u00e3o foge da l\u00f3gica.<\/p>\n\n\n\n<p>O comentarista M\u00e1rcio Guedes tentou entender a cabe\u00e7a de Tite: \u201cA convoca\u00e7\u00e3o de Daniel Alves foi surpreendente e pol\u00eamica, pois o jogador est\u00e1 inativo h\u00e1 meses, n\u00e3o foi bem em recentes temporadas e j\u00e1 tem 39 anos. N\u00e3o acreditava que ele seria lembrado, mas h\u00e1 explica\u00e7\u00f5es. O seu longo retrospecto positivo na sele\u00e7\u00e3o, a car\u00eancia de boas op\u00e7\u00f5es na posi\u00e7\u00e3o, o fato de nos \u00faltimos dias ter trabalhado muito a parte f\u00edsica no Barcelona e, por fim, o fato de ele n\u00e3o precisar correr o campo inteiro, tendo, talvez, como limite a linha central de campo. Vejamos na pr\u00e1tica se funciona ou se foi apenas uma desculpa. Acho que as duas laterais s\u00e3o, potencialmente, os pontos fracos da sele\u00e7\u00e3o\u201d.<\/p>\n\n\n\n<p>J\u00e1 Waldir Lu\u00eds, comentarista da&nbsp;<strong>R\u00e1dio Nacional<\/strong>, afirma que a convoca\u00e7\u00e3o de Daniel Alves serve apenas para unir o grupo. \u201cNo S\u00e3o Paulo n\u00e3o jogou bem, no Pumas do M\u00e9xico n\u00e3o vem jogando bem e est\u00e1 atuando no meio-campo, sendo que foi convocado para a lateral-direita. Ser\u00e1 que, no entendimento do Tite, n\u00e3o h\u00e1 lateral-direito no Brasil? S\u00f3 o Danilo? N\u00e3o v\u00ea o Mariano ou o Marcos Rocha? Foi uma convoca\u00e7\u00e3o para fazer m\u00e9dia, n\u00e3o deveria levar para a Copa do Mundo um jogador de 39 anos que n\u00e3o vem jogando bem. Esse time n\u00e3o tem l\u00edder. Talvez, a convoca\u00e7\u00e3o do Daniel Alves seja para dar essa lideran\u00e7a\u201d, declarou.<\/p>\n\n\n\n<p>Em seis anos \u00e0 frente da sele\u00e7\u00e3o brasileira, Tite convocou 84 jogadores diferentes e teve a op\u00e7\u00e3o de escolher 26 deles para a Copa do Mundo.<\/p>\n\n\n\n<p>Daniel Alves atuou pela \u00faltima vez com a amarelinha no amistoso contra o Jap\u00e3o, disputado em 6 de junho de 2022 e que terminou com vit\u00f3ria de 1 a 0 do Brasil. O lateral participou de 70 minutos daquela partida antes de ser substitu\u00eddo.<\/p>\n\n\n\n<p>Mas, e se Daniel Alves n\u00e3o fosse chamado, quem deveria figurar na lateral-direita? Rubro-negro assumido, S\u00e9rgio Du Bocage n\u00e3o titubeia para responder: \u201cEu preferia o Rodinei\u201d.<\/p>\n","protected":false},"excerpt":{"rendered":"<p>Carlos Molinari &#8211; TV Brasil &#8211; Em 1966 o t\u00e9cnico Vicente Feola convocou Djalma Santos para a Copa do Mundo da Inglaterra. O lateral-direito j\u00e1 tinha 37 anos e se tornou, at\u00e9 ent\u00e3o, o brasileiro mais veterano a participar de um Mundial, atuando em dois jogos: na vit\u00f3ria de 2 a 0 sobre a Bulg\u00e1ria e na derrota de 3 a 1 para a Hungria. Tite, comandante da Sele\u00e7\u00e3o desde 2016, resolveu apostar na experi\u00eancia e bateu duplamente o recorde de Djalma Santos: convocou o zagueiro Thiago Silva, de 38 anos e que defende o Chelsea (Inglaterra), e o lateral-direito Daniel Alves, de 39 anos e que atualmente treina no time B do Barcelona (Espanha) mesmo tendo contrato em vigor com o Pumas (M\u00e9xico) at\u00e9 julho de 2023. Enquanto Thiago Silva \u00e9 titular da Sele\u00e7\u00e3o, Daniel Alves parece n\u00e3o ter espa\u00e7o no time. Seu rendimento em 2022 no Pumas foi bem abaixo do esperado: fez 12 jogos, nenhum gol e saiu de campo vaiado pela torcida em alguns jogos da Liga Mexicana. Para S\u00e9rgio Du Bocage, apresentador do programa \u201cNo Mundo da Bola\u201d, da&nbsp;TV Brasil, Daniel Alves dificilmente entrar\u00e1 em campo nesta Copa. Mas motivos pessoais explicam a convoca\u00e7\u00e3o do atleta por Tite: \u201cH\u00e1 muitas tentativas de explica\u00e7\u00e3o para a convoca\u00e7\u00e3o do Daniel Alves. Seria um capit\u00e3o fora de campo, em raz\u00e3o da experi\u00eancia somada ao longo da carreira, o pagamento de uma d\u00edvida pelo corte na Copa de 2018 ou a falta de alternativas para a posi\u00e7\u00e3o. Seja qual for, n\u00e3o se v\u00ea nesse questionamento a possibilidade de Daniel Alves vir a ser o titular. E n\u00e3o sei se vale a pena levar um jogador com esse perfil, fazendo com que tenhamos uma alternativa a menos para colocar em campo, num Mundial que promete ser de alto n\u00edvel\u201d. Daniel Alves coleciona t\u00edtulos por onde passou, sendo o jogador de futebol que mais venceu campeonatos no mundo: 42 ta\u00e7as, seja pela sele\u00e7\u00e3o brasileira, pelo Paris Saint-Germain (Fran\u00e7a), pela Juventus (It\u00e1lia), pelo Barcelona (Espanha), pelo Sevilla (Espanha) ou pelo Bahia. Pela sele\u00e7\u00e3o disputou 124 jogos, nos quais anotou 8 gols. Mas, pelo atual momento, praticamente em fim de carreira, a convoca\u00e7\u00e3o foge da l\u00f3gica. O comentarista M\u00e1rcio Guedes tentou entender a cabe\u00e7a de Tite: \u201cA convoca\u00e7\u00e3o de Daniel Alves foi surpreendente e pol\u00eamica, pois o jogador est\u00e1 inativo h\u00e1 meses, n\u00e3o foi bem em recentes temporadas e j\u00e1 tem 39 anos. N\u00e3o acreditava que ele seria lembrado, mas h\u00e1 explica\u00e7\u00f5es. O seu longo retrospecto positivo na sele\u00e7\u00e3o, a car\u00eancia de boas op\u00e7\u00f5es na posi\u00e7\u00e3o, o fato de nos \u00faltimos dias ter trabalhado muito a parte f\u00edsica no Barcelona e, por fim, o fato de ele n\u00e3o precisar correr o campo inteiro, tendo, talvez, como limite a linha central de campo. Vejamos na pr\u00e1tica se funciona ou se foi apenas uma desculpa. Acho que as duas laterais s\u00e3o, potencialmente, os pontos fracos da sele\u00e7\u00e3o\u201d. J\u00e1 Waldir Lu\u00eds, comentarista da&nbsp;R\u00e1dio Nacional, afirma que a convoca\u00e7\u00e3o de Daniel Alves serve apenas para unir o grupo. \u201cNo S\u00e3o Paulo n\u00e3o jogou bem, no Pumas do M\u00e9xico n\u00e3o vem jogando bem e est\u00e1 atuando no meio-campo, sendo que foi convocado para a lateral-direita. Ser\u00e1 que, no entendimento do Tite, n\u00e3o h\u00e1 lateral-direito no Brasil? S\u00f3 o Danilo? N\u00e3o v\u00ea o Mariano ou o Marcos Rocha? Foi uma convoca\u00e7\u00e3o para fazer m\u00e9dia, n\u00e3o deveria levar para a Copa do Mundo um jogador de 39 anos que n\u00e3o vem jogando bem. Esse time n\u00e3o tem l\u00edder. Talvez, a convoca\u00e7\u00e3o do Daniel Alves seja para dar essa lideran\u00e7a\u201d, declarou. Em seis anos \u00e0 frente da sele\u00e7\u00e3o brasileira, Tite convocou 84 jogadores diferentes e teve a op\u00e7\u00e3o de escolher 26 deles para a Copa do Mundo. Daniel Alves atuou pela \u00faltima vez com a amarelinha no amistoso contra o Jap\u00e3o, disputado em 6 de junho de 2022 e que terminou com vit\u00f3ria de 1 a 0 do Brasil. O lateral participou de 70 minutos daquela partida antes de ser substitu\u00eddo. Mas, e se Daniel Alves n\u00e3o fosse chamado, quem deveria figurar na lateral-direita? Rubro-negro assumido, S\u00e9rgio Du Bocage n\u00e3o titubeia para responder: \u201cEu preferia o Rodinei\u201d.<\/p>\n","protected":false},"author":3,"featured_media":144085,"comment_status":"open","ping_status":"open","sticky":false,"template":"","format":"standard","meta":{"_seopress_robots_primary_cat":"","_seopress_titles_title":"","_seopress_titles_desc":"","_seopress_robots_index":"","footnotes":""},"categories":[17],"tags":[],"class_list":["post-144083","post","type-post","status-publish","format-standard","has-post-thumbnail","hentry","category-esportes"],"_links":{"self":[{"href":"https:\/\/jornalhoje.inf.br\/wp\/wp-json\/wp\/v2\/posts\/144083","targetHints":{"allow":["GET"]}}],"collection":[{"href":"https:\/\/jornalhoje.inf.br\/wp\/wp-json\/wp\/v2\/posts"}],"about":[{"href":"https:\/\/jornalhoje.inf.br\/wp\/wp-json\/wp\/v2\/types\/post"}],"author":[{"embeddable":true,"href":"https:\/\/jornalhoje.inf.br\/wp\/wp-json\/wp\/v2\/users\/3"}],"replies":[{"embeddable":true,"href":"https:\/\/jornalhoje.inf.br\/wp\/wp-json\/wp\/v2\/comments?post=144083"}],"version-history":[{"count":1,"href":"https:\/\/jornalhoje.inf.br\/wp\/wp-json\/wp\/v2\/posts\/144083\/revisions"}],"predecessor-version":[{"id":144084,"href":"https:\/\/jornalhoje.inf.br\/wp\/wp-json\/wp\/v2\/posts\/144083\/revisions\/144084"}],"wp:featuredmedia":[{"embeddable":true,"href":"https:\/\/jornalhoje.inf.br\/wp\/wp-json\/wp\/v2\/media\/144085"}],"wp:attachment":[{"href":"https:\/\/jornalhoje.inf.br\/wp\/wp-json\/wp\/v2\/media?parent=144083"}],"wp:term":[{"taxonomy":"category","embeddable":true,"href":"https:\/\/jornalhoje.inf.br\/wp\/wp-json\/wp\/v2\/categories?post=144083"},{"taxonomy":"post_tag","embeddable":true,"href":"https:\/\/jornalhoje.inf.br\/wp\/wp-json\/wp\/v2\/tags?post=144083"}],"curies":[{"name":"wp","href":"https:\/\/api.w.org\/{rel}","templated":true}]}}