{"id":145702,"date":"2022-12-08T20:37:23","date_gmt":"2022-12-08T22:37:23","guid":{"rendered":"https:\/\/jornalhoje.inf.br\/wp\/?p=145702"},"modified":"2022-12-08T20:38:08","modified_gmt":"2022-12-08T22:38:08","slug":"justica-de-goias-condena-joao-de-deus-em-mais-tres-processos","status":"publish","type":"post","link":"https:\/\/jornalhoje.inf.br\/wp\/justica-de-goias-condena-joao-de-deus-em-mais-tres-processos\/","title":{"rendered":"Justi\u00e7a de Goi\u00e1s condena Jo\u00e3o de Deus em mais tr\u00eas processos"},"content":{"rendered":"<div id=\"fb-root\"><\/div>\n\n<h4 class=\"wp-block-heading\"><audio src=\"https:\/\/tts-app.ebc.com.br\/media\/tts\/194852.mp3\"><\/h4>\n\n\n\n<p>Alex Rodrigues &#8211; Ag\u00eancia Brasil &#8211; O juiz titular da Comarca de Abadi\u00e2nia (GO), Marcos Boechat Lopes Filho, condenou Jo\u00e3o Teixeira de Faria, o Jo\u00e3o de Deus, a mais 109 anos de pris\u00e3o. Considerado culpado em tr\u00eas novos processos por viola\u00e7\u00e3o sexual, Jo\u00e3o de Deus tamb\u00e9m ter\u00e1 que pagar \u00e0s v\u00edtimas at\u00e9 R$ 100 mil em indeniza\u00e7\u00f5es.<img decoding=\"async\" src=\"https:\/\/agenciabrasil.ebc.com.br\/ebc.png?id=1497582&amp;o=node\"><img decoding=\"async\" src=\"https:\/\/agenciabrasil.ebc.com.br\/ebc.gif?id=1497582&amp;o=node\"><\/p>\n\n\n\n<p>A senten\u00e7a judicial foi proferida nesta quarta-feira (7). Como j\u00e1 tinha sido condenado antes em outros seis processos, inclusive por estupro de vulner\u00e1vel e posse ilegal e irregular de armas de fogo, Jo\u00e3o de Deus agora tem de arcar com as penas de nove processos.<\/p>\n\n\n\n<p>Somadas, as nove condena\u00e7\u00f5es ultrapassam 223 anos de reclus\u00e3o, mas em fun\u00e7\u00e3o da idade e do estado de sa\u00fade, ele est\u00e1 em pris\u00e3o domiciliar.<\/p>\n\n\n\n<p><a href=\"https:\/\/agenciabrasil.ebc.com.br\/geral\/noticia\/2018-12\/policia-e-mp-de-goias-vao-apurar-denuncias-contra-medium-joao-de-deus\" target=\"_blank\" rel=\"noreferrer noopener\">As primeiras den\u00fancias<\/a>&nbsp;contra Jo\u00e3o de Deus vieram \u00e0 tona em dezembro de 2018, quando o programa&nbsp;<em>Conversa com Bial<\/em>, da TV Globo, veiculou o relato de v\u00e1rias mulheres que afirmam terem sido v\u00edtimas do m\u00e9dium.<\/p>\n\n\n\n<p>Segundo relatos das v\u00edtimas, Jo\u00e3o de Deus as teria levado para c\u00f4modos isolados do&nbsp;<a href=\"https:\/\/agenciabrasil.ebc.com.br\/geral\/noticia\/2018-12\/dependencia-economica-e-fe-se-misturam-em-abadiania-em-goias\" target=\"_blank\" rel=\"noreferrer noopener\">centro esp\u00edrita que ele fundou, em Abadi\u00e2nia (GO)<\/a>&nbsp;e as molestado, acariciando seus corpos. Algumas mulheres disseram que o m\u00e9dium chegou a expor seu p\u00eanis, for\u00e7ando-as a toc\u00e1-lo a pretexto de cur\u00e1-las.<\/p>\n\n\n\n<p><a href=\"https:\/\/agenciabrasil.ebc.com.br\/geral\/noticia\/2018-12\/joao-de-deus-afirma-estar-disposicao-da-justica\" target=\"_blank\" rel=\"noreferrer noopener\">Jo\u00e3o de Deus sempre negou<\/a>&nbsp;as acusa\u00e7\u00f5es, mas ap\u00f3s as primeiras den\u00fancias&nbsp;<a href=\"https:\/\/agenciabrasil.ebc.com.br\/justica\/noticia\/2018-12\/ministerio-publico-de-goias-recebe-330-denuncias-contra-joao-de-deus\" target=\"_blank\" rel=\"noreferrer noopener\">outras mulheres procuraram as autoridades<\/a>, alegando ter sido violentadas pelo homem que, ao longo de anos, atraiu milhares de pessoas em busca de cura espiritual, tornando-se conhecido em todo o pa\u00eds.<\/p>\n\n\n\n<p>Muitas das den\u00fancias recebidas pelo Minist\u00e9rio P\u00fablico e a Pol\u00edcia Civil de Goi\u00e1s ao longo de meses n\u00e3o tiveram desdobramentos por falta de provas ou por inconsist\u00eancias nos relatos. Mesmo assim, as investiga\u00e7\u00f5es revelaram uma trama&nbsp;<a href=\"https:\/\/agenciabrasil.ebc.com.br\/geral\/noticia\/2018-12\/justica-determina-bloqueio-de-r-50-milhoes-das-contas-de-joao-de-deus\" target=\"_blank\" rel=\"noreferrer noopener\">envolvendo a movimenta\u00e7\u00e3o de milh\u00f5es de reais<\/a>, armas e disputa de poder.<\/p>\n\n\n\n<p>Na primeira das tr\u00eas senten\u00e7as proferidas nesta quarta-feira, Jo\u00e3o de Deus foi condenado a 51 anos e 9 meses de reclus\u00e3o por violar sexualmente cinco v\u00edtimas, tendo recorrido \u00e0 fraude e ao estupro de vulner\u00e1vel. Os crimes ocorreram entre os anos de 2010 e 2016.&nbsp;<a href=\"https:\/\/agenciabrasil.ebc.com.br\/geral\/noticia\/2019-02\/filho-de-joao-de-deus-e-preso-em-anapolis-go\" target=\"_blank\" rel=\"noreferrer noopener\">Neste caso, o r\u00e9u e seu filho, Sandro Teixeira de Oliveira, foram absolvidos<\/a>&nbsp;dos crimes de corrup\u00e7\u00e3o de testemunha e de coa\u00e7\u00e3o no curso do processo.<\/p>\n\n\n\n<p>A segunda senten\u00e7a somou 16 anos e 10 meses de reclus\u00e3o pelos mesmos crimes, em rela\u00e7\u00e3o a tr\u00eas v\u00edtimas entre os anos de 2011 e 2013. Nesse processo, Jo\u00e3o de Deus foi absolvido em rela\u00e7\u00e3o a outras tr\u00eas v\u00edtimas e foi reconhecida a extin\u00e7\u00e3o da punibilidade pela prescri\u00e7\u00e3o em rela\u00e7\u00e3o a uma v\u00edtima.<\/p>\n\n\n\n<p>O r\u00e9u tamb\u00e9m foi condenado a 41 anos e 4 meses de reclus\u00e3o, tamb\u00e9m por viola\u00e7\u00e3o sexual mediante fraude e estupro de vulner\u00e1vel. Dessa vez, o processo envolvia cinco v\u00edtimas, em epis\u00f3dios ocorridos entre 2010 e 2015.<\/p>\n\n\n\n<p>A reportagem ainda n\u00e3o conseguiu contato com a defesa de Jo\u00e3o de Deus.<\/p>\n\n\n\n<p>Edi\u00e7\u00e3o: Fernando Fraga<\/p>\n","protected":false},"excerpt":{"rendered":"<p>Alex Rodrigues &#8211; Ag\u00eancia Brasil &#8211; O juiz titular da Comarca de Abadi\u00e2nia (GO), Marcos Boechat Lopes Filho, condenou Jo\u00e3o Teixeira de Faria, o Jo\u00e3o de Deus, a mais 109 anos de pris\u00e3o. Considerado culpado em tr\u00eas novos processos por viola\u00e7\u00e3o sexual, Jo\u00e3o de Deus tamb\u00e9m ter\u00e1 que pagar \u00e0s v\u00edtimas at\u00e9 R$ 100 mil em indeniza\u00e7\u00f5es. A senten\u00e7a judicial foi proferida nesta quarta-feira (7). Como j\u00e1 tinha sido condenado antes em outros seis processos, inclusive por estupro de vulner\u00e1vel e posse ilegal e irregular de armas de fogo, Jo\u00e3o de Deus agora tem de arcar com as penas de nove processos. Somadas, as nove condena\u00e7\u00f5es ultrapassam 223 anos de reclus\u00e3o, mas em fun\u00e7\u00e3o da idade e do estado de sa\u00fade, ele est\u00e1 em pris\u00e3o domiciliar. As primeiras den\u00fancias&nbsp;contra Jo\u00e3o de Deus vieram \u00e0 tona em dezembro de 2018, quando o programa&nbsp;Conversa com Bial, da TV Globo, veiculou o relato de v\u00e1rias mulheres que afirmam terem sido v\u00edtimas do m\u00e9dium. Segundo relatos das v\u00edtimas, Jo\u00e3o de Deus as teria levado para c\u00f4modos isolados do&nbsp;centro esp\u00edrita que ele fundou, em Abadi\u00e2nia (GO)&nbsp;e as molestado, acariciando seus corpos. Algumas mulheres disseram que o m\u00e9dium chegou a expor seu p\u00eanis, for\u00e7ando-as a toc\u00e1-lo a pretexto de cur\u00e1-las. Jo\u00e3o de Deus sempre negou&nbsp;as acusa\u00e7\u00f5es, mas ap\u00f3s as primeiras den\u00fancias&nbsp;outras mulheres procuraram as autoridades, alegando ter sido violentadas pelo homem que, ao longo de anos, atraiu milhares de pessoas em busca de cura espiritual, tornando-se conhecido em todo o pa\u00eds. Muitas das den\u00fancias recebidas pelo Minist\u00e9rio P\u00fablico e a Pol\u00edcia Civil de Goi\u00e1s ao longo de meses n\u00e3o tiveram desdobramentos por falta de provas ou por inconsist\u00eancias nos relatos. Mesmo assim, as investiga\u00e7\u00f5es revelaram uma trama&nbsp;envolvendo a movimenta\u00e7\u00e3o de milh\u00f5es de reais, armas e disputa de poder. Na primeira das tr\u00eas senten\u00e7as proferidas nesta quarta-feira, Jo\u00e3o de Deus foi condenado a 51 anos e 9 meses de reclus\u00e3o por violar sexualmente cinco v\u00edtimas, tendo recorrido \u00e0 fraude e ao estupro de vulner\u00e1vel. Os crimes ocorreram entre os anos de 2010 e 2016.&nbsp;Neste caso, o r\u00e9u e seu filho, Sandro Teixeira de Oliveira, foram absolvidos&nbsp;dos crimes de corrup\u00e7\u00e3o de testemunha e de coa\u00e7\u00e3o no curso do processo. A segunda senten\u00e7a somou 16 anos e 10 meses de reclus\u00e3o pelos mesmos crimes, em rela\u00e7\u00e3o a tr\u00eas v\u00edtimas entre os anos de 2011 e 2013. Nesse processo, Jo\u00e3o de Deus foi absolvido em rela\u00e7\u00e3o a outras tr\u00eas v\u00edtimas e foi reconhecida a extin\u00e7\u00e3o da punibilidade pela prescri\u00e7\u00e3o em rela\u00e7\u00e3o a uma v\u00edtima. O r\u00e9u tamb\u00e9m foi condenado a 41 anos e 4 meses de reclus\u00e3o, tamb\u00e9m por viola\u00e7\u00e3o sexual mediante fraude e estupro de vulner\u00e1vel. Dessa vez, o processo envolvia cinco v\u00edtimas, em epis\u00f3dios ocorridos entre 2010 e 2015. A reportagem ainda n\u00e3o conseguiu contato com a defesa de Jo\u00e3o de Deus. Edi\u00e7\u00e3o: Fernando Fraga<\/p>\n","protected":false},"author":3,"featured_media":145704,"comment_status":"open","ping_status":"open","sticky":false,"template":"","format":"standard","meta":{"_seopress_robots_primary_cat":"","_seopress_titles_title":"","_seopress_titles_desc":"","_seopress_robots_index":"","footnotes":""},"categories":[16,31],"tags":[],"class_list":["post-145702","post","type-post","status-publish","format-standard","has-post-thumbnail","hentry","category-geral","category-principais"],"_links":{"self":[{"href":"https:\/\/jornalhoje.inf.br\/wp\/wp-json\/wp\/v2\/posts\/145702","targetHints":{"allow":["GET"]}}],"collection":[{"href":"https:\/\/jornalhoje.inf.br\/wp\/wp-json\/wp\/v2\/posts"}],"about":[{"href":"https:\/\/jornalhoje.inf.br\/wp\/wp-json\/wp\/v2\/types\/post"}],"author":[{"embeddable":true,"href":"https:\/\/jornalhoje.inf.br\/wp\/wp-json\/wp\/v2\/users\/3"}],"replies":[{"embeddable":true,"href":"https:\/\/jornalhoje.inf.br\/wp\/wp-json\/wp\/v2\/comments?post=145702"}],"version-history":[{"count":1,"href":"https:\/\/jornalhoje.inf.br\/wp\/wp-json\/wp\/v2\/posts\/145702\/revisions"}],"predecessor-version":[{"id":145703,"href":"https:\/\/jornalhoje.inf.br\/wp\/wp-json\/wp\/v2\/posts\/145702\/revisions\/145703"}],"wp:featuredmedia":[{"embeddable":true,"href":"https:\/\/jornalhoje.inf.br\/wp\/wp-json\/wp\/v2\/media\/145704"}],"wp:attachment":[{"href":"https:\/\/jornalhoje.inf.br\/wp\/wp-json\/wp\/v2\/media?parent=145702"}],"wp:term":[{"taxonomy":"category","embeddable":true,"href":"https:\/\/jornalhoje.inf.br\/wp\/wp-json\/wp\/v2\/categories?post=145702"},{"taxonomy":"post_tag","embeddable":true,"href":"https:\/\/jornalhoje.inf.br\/wp\/wp-json\/wp\/v2\/tags?post=145702"}],"curies":[{"name":"wp","href":"https:\/\/api.w.org\/{rel}","templated":true}]}}