{"id":147624,"date":"2023-01-14T18:55:42","date_gmt":"2023-01-14T20:55:42","guid":{"rendered":"https:\/\/jornalhoje.inf.br\/wp\/?p=147624"},"modified":"2023-01-14T18:55:47","modified_gmt":"2023-01-14T20:55:47","slug":"policia-civil-prende-fornecedor-de-armas-que-abastece-faccao-criminosa","status":"publish","type":"post","link":"https:\/\/jornalhoje.inf.br\/wp\/policia-civil-prende-fornecedor-de-armas-que-abastece-faccao-criminosa\/","title":{"rendered":"Pol\u00edcia Civil prende fornecedor de armas que abastece fac\u00e7\u00e3o criminosa"},"content":{"rendered":"<div id=\"fb-root\"><\/div>\n\n<p>Douglas Corr\u00eaa &#8211; Ag\u00eancia Brasil &#8211; A Pol\u00edcia Civil do Rio de Janeiro\u00a0prendeu\u00a0ontem\u00a0(13), no bairro da Tijuca, zona norte da capital, Felipe Cerqueira Martins, conhecido por Felipe Jaqueta, apontado como o principal fornecedor de armas e muni\u00e7\u00f5es de uma fac\u00e7\u00e3o que atua no estado. O acusado \u00e9 primo de M\u00e1rcio dos Santos Nepomuceno, o Marcinho VP, uma das lideran\u00e7as do Comando Vermelho. O criminoso est\u00e1 preso desde 1996 e j\u00e1 foi transferido para v\u00e1rias pris\u00f5es federais fora do Estado do Rio, devido a\u00a0periculosidade. Ao lado de Luiz Fernando da Costa, o Fernandinho Beira-Mar,\u00a0 Marcinho VP \u00e9 a principal lideran\u00e7a da organiza\u00e7\u00e3o criminosa.<img decoding=\"async\" src=\"https:\/\/agenciabrasil.ebc.com.br\/ebc.png?id=1504419&amp;o=node\"><img decoding=\"async\" src=\"https:\/\/agenciabrasil.ebc.com.br\/ebc.gif?id=1504419&amp;o=node\"><\/p>\n\n\n\n<p>A opera\u00e7\u00e3o que resultou na pris\u00e3o de Felipe Jaqueta foi da Delegacia de Homic\u00eddios de Niter\u00f3i, S\u00e3o Gon\u00e7alo e Itabora\u00ed (DHNSG) De acordo com as investiga\u00e7\u00f5es, o criminoso se passava por&nbsp;latifundi\u00e1rio bem-sucedido para ocultar as atividades ilegais, mas \u00e9 um traficante que articula a compra de armas e muni\u00e7\u00f5es vindas dos Estados Unidos para as comunidades dominadas pela maior fac\u00e7\u00e3o do pa\u00eds.<br><br>Em 2018, Felipe foi preso em flagrante ap\u00f3s ser abordado quando estacionava um ve\u00edculo com placas adulteradas, em Jacarepagu\u00e1, na zona oeste do Rio&nbsp;de Janeiro. Ele tamb\u00e9m teria sido o mentor de um grande roubo a uma rede de lojas no munic\u00edpio de Iguaba Grande, na Regi\u00e3o dos Lagos, em janeiro de 2020.<br><br>Contra o foragido existia mandado de pris\u00e3o condenat\u00f3ria por roubo, estelionato e recepta\u00e7\u00e3o. De acordo com as investiga\u00e7\u00f5es, em sua extensa ficha criminal tamb\u00e9m figuram anota\u00e7\u00f5es por tr\u00e1fico de drogas, associa\u00e7\u00e3o para o tr\u00e1fico, porte ilegal de arma de fogo de uso restrito, entre outras.<\/p>\n\n\n\n<p>Edi\u00e7\u00e3o: Aline Leal<\/p>\n","protected":false},"excerpt":{"rendered":"<p>Douglas Corr\u00eaa &#8211; Ag\u00eancia Brasil &#8211; A Pol\u00edcia Civil do Rio de Janeiro\u00a0prendeu\u00a0ontem\u00a0(13), no bairro da Tijuca, zona norte da capital, Felipe Cerqueira Martins, conhecido por Felipe Jaqueta, apontado como o principal fornecedor de armas e muni\u00e7\u00f5es de uma fac\u00e7\u00e3o que atua no estado. O acusado \u00e9 primo de M\u00e1rcio dos Santos Nepomuceno, o Marcinho VP, uma das lideran\u00e7as do Comando Vermelho. O criminoso est\u00e1 preso desde 1996 e j\u00e1 foi transferido para v\u00e1rias pris\u00f5es federais fora do Estado do Rio, devido a\u00a0periculosidade. Ao lado de Luiz Fernando da Costa, o Fernandinho Beira-Mar,\u00a0 Marcinho VP \u00e9 a principal lideran\u00e7a da organiza\u00e7\u00e3o criminosa. A opera\u00e7\u00e3o que resultou na pris\u00e3o de Felipe Jaqueta foi da Delegacia de Homic\u00eddios de Niter\u00f3i, S\u00e3o Gon\u00e7alo e Itabora\u00ed (DHNSG) De acordo com as investiga\u00e7\u00f5es, o criminoso se passava por&nbsp;latifundi\u00e1rio bem-sucedido para ocultar as atividades ilegais, mas \u00e9 um traficante que articula a compra de armas e muni\u00e7\u00f5es vindas dos Estados Unidos para as comunidades dominadas pela maior fac\u00e7\u00e3o do pa\u00eds. Em 2018, Felipe foi preso em flagrante ap\u00f3s ser abordado quando estacionava um ve\u00edculo com placas adulteradas, em Jacarepagu\u00e1, na zona oeste do Rio&nbsp;de Janeiro. Ele tamb\u00e9m teria sido o mentor de um grande roubo a uma rede de lojas no munic\u00edpio de Iguaba Grande, na Regi\u00e3o dos Lagos, em janeiro de 2020. Contra o foragido existia mandado de pris\u00e3o condenat\u00f3ria por roubo, estelionato e recepta\u00e7\u00e3o. De acordo com as investiga\u00e7\u00f5es, em sua extensa ficha criminal tamb\u00e9m figuram anota\u00e7\u00f5es por tr\u00e1fico de drogas, associa\u00e7\u00e3o para o tr\u00e1fico, porte ilegal de arma de fogo de uso restrito, entre outras. Edi\u00e7\u00e3o: Aline Leal<\/p>\n","protected":false},"author":3,"featured_media":0,"comment_status":"open","ping_status":"open","sticky":false,"template":"","format":"standard","meta":{"_seopress_robots_primary_cat":"","_seopress_titles_title":"","_seopress_titles_desc":"","_seopress_robots_index":"","footnotes":""},"categories":[30],"tags":[],"class_list":["post-147624","post","type-post","status-publish","format-standard","hentry","category-destaques"],"_links":{"self":[{"href":"https:\/\/jornalhoje.inf.br\/wp\/wp-json\/wp\/v2\/posts\/147624","targetHints":{"allow":["GET"]}}],"collection":[{"href":"https:\/\/jornalhoje.inf.br\/wp\/wp-json\/wp\/v2\/posts"}],"about":[{"href":"https:\/\/jornalhoje.inf.br\/wp\/wp-json\/wp\/v2\/types\/post"}],"author":[{"embeddable":true,"href":"https:\/\/jornalhoje.inf.br\/wp\/wp-json\/wp\/v2\/users\/3"}],"replies":[{"embeddable":true,"href":"https:\/\/jornalhoje.inf.br\/wp\/wp-json\/wp\/v2\/comments?post=147624"}],"version-history":[{"count":1,"href":"https:\/\/jornalhoje.inf.br\/wp\/wp-json\/wp\/v2\/posts\/147624\/revisions"}],"predecessor-version":[{"id":147625,"href":"https:\/\/jornalhoje.inf.br\/wp\/wp-json\/wp\/v2\/posts\/147624\/revisions\/147625"}],"wp:attachment":[{"href":"https:\/\/jornalhoje.inf.br\/wp\/wp-json\/wp\/v2\/media?parent=147624"}],"wp:term":[{"taxonomy":"category","embeddable":true,"href":"https:\/\/jornalhoje.inf.br\/wp\/wp-json\/wp\/v2\/categories?post=147624"},{"taxonomy":"post_tag","embeddable":true,"href":"https:\/\/jornalhoje.inf.br\/wp\/wp-json\/wp\/v2\/tags?post=147624"}],"curies":[{"name":"wp","href":"https:\/\/api.w.org\/{rel}","templated":true}]}}