{"id":147971,"date":"2023-01-20T13:45:56","date_gmt":"2023-01-20T15:45:56","guid":{"rendered":"https:\/\/jornalhoje.inf.br\/wp\/?p=147971"},"modified":"2023-01-20T13:46:08","modified_gmt":"2023-01-20T15:46:08","slug":"missa-inicia-festividades-do-dia-de-sao-sebastiao-padroeiro-do-rio","status":"publish","type":"post","link":"https:\/\/jornalhoje.inf.br\/wp\/missa-inicia-festividades-do-dia-de-sao-sebastiao-padroeiro-do-rio\/","title":{"rendered":"Missa inicia festividades do Dia de S\u00e3o Sebasti\u00e3o, padroeiro do Rio"},"content":{"rendered":"<div id=\"fb-root\"><\/div>\n\n<p>Alana Gandra &#8211; Ag\u00eancia Brasil &#8211; As comemora\u00e7\u00f5es pelo Dia de S\u00e3o Sebasti\u00e3o, padroeiro da cidade e da Arquidiocese do Rio de Janeiro, foram iniciadas hoje (20), \u00e0s 10h, com missa solene na Bas\u00edlica Santu\u00e1rio de S\u00e3o Sebasti\u00e3o, localizada na Tijuca, zona norte da capital fluminense. Logo mais, \u00e0s 16h, sair\u00e1 da Bas\u00edlica Santu\u00e1rio a Prociss\u00e3o Arquidiocesana, que seguir\u00e1 at\u00e9 a Catedral Metropolitana, na Avenida Chile, regi\u00e3o central do munic\u00edpio, onde o cardeal dom Orani Jo\u00e3o Tempesta, arcebispo do Rio, rezar\u00e1 missa solene.<img decoding=\"async\" src=\"https:\/\/agenciabrasil.ebc.com.br\/ebc.png?id=1505290&amp;o=node\"><img decoding=\"async\" src=\"https:\/\/agenciabrasil.ebc.com.br\/ebc.gif?id=1505290&amp;o=node\"><\/p>\n\n\n\n<h2 class=\"wp-block-heading\">Trezena<\/h2>\n\n\n\n<p>Tradicionalmente, o arcebispo do Rio realiza, na Arquidiocese, a Trezena de S\u00e3o Sebasti\u00e3o, envolvendo 13 dias de prepara\u00e7\u00f5es e ora\u00e7\u00f5es. A trezena foi iniciada no dia 7 de janeiro, com o tema \u201cS\u00e3o Sebasti\u00e3o: vocacionado \u00e0 miss\u00e3o\u201d, inspirado na celebra\u00e7\u00e3o do Ano Vocacional Mission\u00e1rio.<\/p>\n\n\n\n<p>A festa de S\u00e3o Sebasti\u00e3o ultrapassa as comemora\u00e7\u00f5es do dia 20 de janeiro. A r\u00e9plica da imagem do santo trazida por Est\u00e1cio de S\u00e1 percorre toda a cidade e, durante 13 dias, \u00e9 levada as par\u00f3quias, capelas, orat\u00f3rios, hospitais, forcas armadas e auxiliares, pr\u00e9dios de \u00f3rg\u00e3os governamentais, r\u00e1dios e emissoras de televis\u00e3o, entre outras institui\u00e7\u00f5es. O objetivo \u00e9 levar a b\u00ean\u00e7\u00e3o do padroeiro a todas as pessoas, pedindo pelo novo ano que se inicia. A trezena de S\u00e3o Sebasti\u00e3o termina um dia antes da festa do padroeiro.<\/p>\n\n\n\n<p>Ontem (19), \u00e0s 6h, a imagem de S\u00e3o Sebasti\u00e3o foi levada ao Santu\u00e1rio do Cristo Redentor. A manh\u00e3 teve in\u00edcio com a Caminhada de S\u00e3o Sebasti\u00e3o, que saiu do Centro de Visitantes Paineiras e chegou ao Santu\u00e1rio por volta das 7h30, quando come\u00e7ou a celebra\u00e7\u00e3o, presidida pelo arcebispo do Rio, cardeal Orani Jo\u00e3o Tempesta. A peregrina\u00e7\u00e3o continuou visitando a Casa de Bet\u00e2nia (Par\u00f3quia Nossa Senhora da Divina Provid\u00eancia) e a Obra Social O Sol, no Jardim Bot\u00e2nico, encerrando o dia com missa na Capela Nossa Senhora Aparecida, da Central do Brasil, no centro da cidade.<\/p>\n\n\n\n<h2 class=\"wp-block-heading\">Esperan\u00e7a<\/h2>\n\n\n\n<p>Em entrevista \u00e0&nbsp;<strong>Ag\u00eancia Brasil<\/strong>, dom Orani Tempesta lembrou que quando Est\u00e1cio de S\u00e1 trouxe para o Rio a imagem de S\u00e3o Sebasti\u00e3o, dando seu nome \u00e0 cidade, \u201cele trouxe um belo exemplo de um grande homem que viveu em tempos dif\u00edceis e foi perseverante. Ele viveu no final do s\u00e9culo terceiro para o s\u00e9culo quarto e foi um crist\u00e3o no meio de persegui\u00e7\u00f5es crist\u00e3s, o que nos mostra a firmeza, a coragem de n\u00e3o voltar atr\u00e1s na sua convic\u00e7\u00e3o de viver fazendo o bem, mesmo quando tudo ao redor fazia o contr\u00e1rio\u201d.<\/p>\n\n\n\n<p>O arcebispo do Rio completou que \u201cisso, para n\u00f3s, \u00e9 sinal de esperan\u00e7a e confian\u00e7a, (sinal) da tenacidade de S\u00e3o Sebasti\u00e3o, que forma a alma do carioca, que tem essa tenacidade, essa coragem, esse \u00e2nimo de n\u00e3o desanimar com os problemas, mas buscar encontrar solu\u00e7\u00f5es e continuar fazendo a sua miss\u00e3o. Os cariocas herdaram muito essa coragem, essa tenacidade, de S\u00e3o Sebasti\u00e3o que, mesmo depois das flechadas, continuou atuando e agindo\u201d. Por isso, dom Orani Tempesta afirmou que, neste momento em que todos estamos retomando os trabalhos presenciais a partir do controle da pandemia, \u201cn\u00f3s somos chamados a nos levantar como S\u00e3o Sebasti\u00e3o se levantou, e continuar nossa miss\u00e3o com coragem renovada. Os cariocas e os que moram aqui no Rio de Janeiro, ao olhar para S\u00e3o Sebasti\u00e3o, devem olhar para ter esperan\u00e7a e confian\u00e7a que renascem quando vemos a sua vida e o seu exemplo\u201d, concluiu o arcebispo do Rio.<\/p>\n\n\n\n<h2 class=\"wp-block-heading\">S\u00e3o Sebasti\u00e3o<\/h2>\n\n\n\n<p>S\u00e3o Sebasti\u00e3o nasceu na cidade francesa de Narbonne, no s\u00e9culo terceiro. Seus pais eram oriundos de Mil\u00e3o, na It\u00e1lia. Seu nome deriva do grego Sebast\u00f3s, que significa divino. Sebasti\u00e3o era um soldado que teria se alistado no ex\u00e9rcito romano por volta de 283. Crist\u00e3o, ele queria ajudar outros crist\u00e3os condenados pelo Imp\u00e9rio Romano. Foi perseguido e capturado, se negou a renunciar \u00e0 sua f\u00e9 e acabou martirizado por ordem do imperador Diocleciano.<\/p>\n\n\n\n<p>S\u00e3o Sebasti\u00e3o \u00e9 o padroeiro da cidade do Rio de Janeiro, dando seu nome \u00e0 cidade, desde a sua funda\u00e7\u00e3o por Est\u00e1cio de S\u00e1. Conta-se que na batalha final que expulsou os franceses do Rio, S\u00e3o Sebasti\u00e3o foi visto com uma espada na m\u00e3o, entre os portugueses, mamelucos e \u00edndios, lutando contra os franceses calvinistas. Era o dia 20 de janeiro. O santo passou a ser celebrado nessa data.<\/p>\n","protected":false},"excerpt":{"rendered":"<p>Alana Gandra &#8211; Ag\u00eancia Brasil &#8211; As comemora\u00e7\u00f5es pelo Dia de S\u00e3o Sebasti\u00e3o, padroeiro da cidade e da Arquidiocese do Rio de Janeiro, foram iniciadas hoje (20), \u00e0s 10h, com missa solene na Bas\u00edlica Santu\u00e1rio de S\u00e3o Sebasti\u00e3o, localizada na Tijuca, zona norte da capital fluminense. Logo mais, \u00e0s 16h, sair\u00e1 da Bas\u00edlica Santu\u00e1rio a Prociss\u00e3o Arquidiocesana, que seguir\u00e1 at\u00e9 a Catedral Metropolitana, na Avenida Chile, regi\u00e3o central do munic\u00edpio, onde o cardeal dom Orani Jo\u00e3o Tempesta, arcebispo do Rio, rezar\u00e1 missa solene. Trezena Tradicionalmente, o arcebispo do Rio realiza, na Arquidiocese, a Trezena de S\u00e3o Sebasti\u00e3o, envolvendo 13 dias de prepara\u00e7\u00f5es e ora\u00e7\u00f5es. A trezena foi iniciada no dia 7 de janeiro, com o tema \u201cS\u00e3o Sebasti\u00e3o: vocacionado \u00e0 miss\u00e3o\u201d, inspirado na celebra\u00e7\u00e3o do Ano Vocacional Mission\u00e1rio. A festa de S\u00e3o Sebasti\u00e3o ultrapassa as comemora\u00e7\u00f5es do dia 20 de janeiro. A r\u00e9plica da imagem do santo trazida por Est\u00e1cio de S\u00e1 percorre toda a cidade e, durante 13 dias, \u00e9 levada as par\u00f3quias, capelas, orat\u00f3rios, hospitais, forcas armadas e auxiliares, pr\u00e9dios de \u00f3rg\u00e3os governamentais, r\u00e1dios e emissoras de televis\u00e3o, entre outras institui\u00e7\u00f5es. O objetivo \u00e9 levar a b\u00ean\u00e7\u00e3o do padroeiro a todas as pessoas, pedindo pelo novo ano que se inicia. A trezena de S\u00e3o Sebasti\u00e3o termina um dia antes da festa do padroeiro. Ontem (19), \u00e0s 6h, a imagem de S\u00e3o Sebasti\u00e3o foi levada ao Santu\u00e1rio do Cristo Redentor. A manh\u00e3 teve in\u00edcio com a Caminhada de S\u00e3o Sebasti\u00e3o, que saiu do Centro de Visitantes Paineiras e chegou ao Santu\u00e1rio por volta das 7h30, quando come\u00e7ou a celebra\u00e7\u00e3o, presidida pelo arcebispo do Rio, cardeal Orani Jo\u00e3o Tempesta. A peregrina\u00e7\u00e3o continuou visitando a Casa de Bet\u00e2nia (Par\u00f3quia Nossa Senhora da Divina Provid\u00eancia) e a Obra Social O Sol, no Jardim Bot\u00e2nico, encerrando o dia com missa na Capela Nossa Senhora Aparecida, da Central do Brasil, no centro da cidade. Esperan\u00e7a Em entrevista \u00e0&nbsp;Ag\u00eancia Brasil, dom Orani Tempesta lembrou que quando Est\u00e1cio de S\u00e1 trouxe para o Rio a imagem de S\u00e3o Sebasti\u00e3o, dando seu nome \u00e0 cidade, \u201cele trouxe um belo exemplo de um grande homem que viveu em tempos dif\u00edceis e foi perseverante. Ele viveu no final do s\u00e9culo terceiro para o s\u00e9culo quarto e foi um crist\u00e3o no meio de persegui\u00e7\u00f5es crist\u00e3s, o que nos mostra a firmeza, a coragem de n\u00e3o voltar atr\u00e1s na sua convic\u00e7\u00e3o de viver fazendo o bem, mesmo quando tudo ao redor fazia o contr\u00e1rio\u201d. O arcebispo do Rio completou que \u201cisso, para n\u00f3s, \u00e9 sinal de esperan\u00e7a e confian\u00e7a, (sinal) da tenacidade de S\u00e3o Sebasti\u00e3o, que forma a alma do carioca, que tem essa tenacidade, essa coragem, esse \u00e2nimo de n\u00e3o desanimar com os problemas, mas buscar encontrar solu\u00e7\u00f5es e continuar fazendo a sua miss\u00e3o. Os cariocas herdaram muito essa coragem, essa tenacidade, de S\u00e3o Sebasti\u00e3o que, mesmo depois das flechadas, continuou atuando e agindo\u201d. Por isso, dom Orani Tempesta afirmou que, neste momento em que todos estamos retomando os trabalhos presenciais a partir do controle da pandemia, \u201cn\u00f3s somos chamados a nos levantar como S\u00e3o Sebasti\u00e3o se levantou, e continuar nossa miss\u00e3o com coragem renovada. Os cariocas e os que moram aqui no Rio de Janeiro, ao olhar para S\u00e3o Sebasti\u00e3o, devem olhar para ter esperan\u00e7a e confian\u00e7a que renascem quando vemos a sua vida e o seu exemplo\u201d, concluiu o arcebispo do Rio. S\u00e3o Sebasti\u00e3o S\u00e3o Sebasti\u00e3o nasceu na cidade francesa de Narbonne, no s\u00e9culo terceiro. Seus pais eram oriundos de Mil\u00e3o, na It\u00e1lia. Seu nome deriva do grego Sebast\u00f3s, que significa divino. Sebasti\u00e3o era um soldado que teria se alistado no ex\u00e9rcito romano por volta de 283. Crist\u00e3o, ele queria ajudar outros crist\u00e3os condenados pelo Imp\u00e9rio Romano. Foi perseguido e capturado, se negou a renunciar \u00e0 sua f\u00e9 e acabou martirizado por ordem do imperador Diocleciano. S\u00e3o Sebasti\u00e3o \u00e9 o padroeiro da cidade do Rio de Janeiro, dando seu nome \u00e0 cidade, desde a sua funda\u00e7\u00e3o por Est\u00e1cio de S\u00e1. Conta-se que na batalha final que expulsou os franceses do Rio, S\u00e3o Sebasti\u00e3o foi visto com uma espada na m\u00e3o, entre os portugueses, mamelucos e \u00edndios, lutando contra os franceses calvinistas. Era o dia 20 de janeiro. O santo passou a ser celebrado nessa data.<\/p>\n","protected":false},"author":3,"featured_media":0,"comment_status":"open","ping_status":"open","sticky":false,"template":"","format":"standard","meta":{"_seopress_robots_primary_cat":"","_seopress_titles_title":"","_seopress_titles_desc":"","_seopress_robots_index":"","footnotes":""},"categories":[30],"tags":[],"class_list":["post-147971","post","type-post","status-publish","format-standard","hentry","category-destaques"],"_links":{"self":[{"href":"https:\/\/jornalhoje.inf.br\/wp\/wp-json\/wp\/v2\/posts\/147971","targetHints":{"allow":["GET"]}}],"collection":[{"href":"https:\/\/jornalhoje.inf.br\/wp\/wp-json\/wp\/v2\/posts"}],"about":[{"href":"https:\/\/jornalhoje.inf.br\/wp\/wp-json\/wp\/v2\/types\/post"}],"author":[{"embeddable":true,"href":"https:\/\/jornalhoje.inf.br\/wp\/wp-json\/wp\/v2\/users\/3"}],"replies":[{"embeddable":true,"href":"https:\/\/jornalhoje.inf.br\/wp\/wp-json\/wp\/v2\/comments?post=147971"}],"version-history":[{"count":1,"href":"https:\/\/jornalhoje.inf.br\/wp\/wp-json\/wp\/v2\/posts\/147971\/revisions"}],"predecessor-version":[{"id":147972,"href":"https:\/\/jornalhoje.inf.br\/wp\/wp-json\/wp\/v2\/posts\/147971\/revisions\/147972"}],"wp:attachment":[{"href":"https:\/\/jornalhoje.inf.br\/wp\/wp-json\/wp\/v2\/media?parent=147971"}],"wp:term":[{"taxonomy":"category","embeddable":true,"href":"https:\/\/jornalhoje.inf.br\/wp\/wp-json\/wp\/v2\/categories?post=147971"},{"taxonomy":"post_tag","embeddable":true,"href":"https:\/\/jornalhoje.inf.br\/wp\/wp-json\/wp\/v2\/tags?post=147971"}],"curies":[{"name":"wp","href":"https:\/\/api.w.org\/{rel}","templated":true}]}}