{"id":149791,"date":"2023-02-22T09:37:58","date_gmt":"2023-02-22T11:37:58","guid":{"rendered":"https:\/\/jornalhoje.inf.br\/wp\/?p=149791"},"modified":"2023-02-22T09:38:30","modified_gmt":"2023-02-22T11:38:30","slug":"defesa-civil-tem-mapa-de-mais-de-4-milhoes-morando-em-areas-de-risco","status":"publish","type":"post","link":"https:\/\/jornalhoje.inf.br\/wp\/defesa-civil-tem-mapa-de-mais-de-4-milhoes-morando-em-areas-de-risco\/","title":{"rendered":"Defesa Civil tem mapa de mais de 4 milh\u00f5es morando em \u00e1reas de risco"},"content":{"rendered":"<div id=\"fb-root\"><\/div>\n\n<p>Karine Melo \u2013 Ag\u00eancia Brasil &#8211; O Brasil tem hoje j\u00e1 mapeadas pela Defesa Civil Nacional aproximadamente 14 mil pontos de riscos alt\u00edssimos de desastre e 4 milh\u00f5es de pessoas morando nessas \u00e1reas. A informa\u00e7\u00e3o foi dada \u00e0\u00a0<strong>Ag\u00eancia Brasil<\/strong>\u00a0pelo ministro da Integra\u00e7\u00e3o e do Desenvolvimento Regional, Waldez G\u00f3es, nesta ter\u00e7a-feira (21).<img decoding=\"async\" src=\"https:\/\/agenciabrasil.ebc.com.br\/ebc.png?id=1512004&amp;o=node\"><img decoding=\"async\" src=\"https:\/\/agenciabrasil.ebc.com.br\/ebc.gif?id=1512004&amp;o=node\"><\/p>\n\n\n\n<p>Waldez G\u00f3es falou tamb\u00e9m sobre a trag\u00e9dia causada pelas fortes chuvas no litoral norte de S\u00e3o Paulo que causou deslizamentos exatamente em \u00e1reas de risco. De acordo com o ministro, desde quinta-feira (16), devido aos alertas de chuva, a Defesa Civil Nacional teve reuni\u00f5es com autoridades dos estados de S\u00e3o Paulo, Rio de Janeiro e Bahia.<\/p>\n\n\n\n<p>A trag\u00e9dia j\u00e1 contabiliza 46 \u00f3bitos, 23 feridos, al\u00e9m de 766 pessoas desabrigadas e outras 1730 desalojadas. Entre os desabrigados, a maioria, 500 pessoas, est\u00e3o em S\u00e3o Sebasti\u00e3o que tamb\u00e9m tem outras mil pessoas desalojadas. As v\u00edtimas foram transferidas para uma escola Municipal.<\/p>\n\n\n\n<p>Segundo ele, o Brasil tem um sistema de Defesa Civil bem estruturado e organizado. \u201cTemos uma comunica\u00e7\u00e3o vertical muito assertiva no que diz respeito estados e Uni\u00e3o\u201d. Por\u00e9m,&nbsp;G\u00f3es acredita que muitos munic\u00edpios ainda precisarem se organizar mais.<\/p>\n\n\n\n<p>O ministro disse que a popula\u00e7\u00e3o resiste muito em acreditar nos alertas. \u201c\u00c9 bom a gente lembrar quem est\u00e1 lidando com informa\u00e7\u00f5es. As pessoas, \u00e0s vezes, tendem a querer acreditar que n\u00e3o vai acontecer [um desastre]. Ent\u00e3o acabam ficando nas suas casas, ou se deslocando [para o local onde foi dado o alerta], como \u00e9 o caso do litoral paulista norte, uma regi\u00e3o bel\u00edssima, de turismo muito forte, sempre muito buscada nesses per\u00edodos\u201d.<\/p>\n\n\n\n<p>G\u00f3es lembrou que, al\u00e9m dos moradores, que s\u00e3o milhares de pessoas, parentes ou pessoas a trabalho ou a lazer, se deslocam para a regi\u00e3o nesse per\u00edodo carnavalesco. \u201cEnt\u00e3o tudo isso ainda aumenta mais as possibilidades de risco serem ainda mais iminente\u201d, avaliou.<\/p>\n\n\n\n<h2 class=\"wp-block-heading\">Assist\u00eancia<\/h2>\n\n\n\n<p>Segundo o Secret\u00e1rio Nacional de Defesa Civil, Wolnei Wolff, os pr\u00f3ximos dias ainda devem ser de tens\u00e3o, j\u00e1 que a previs\u00e3o \u00e9 ainda de muita chuva na regi\u00e3o. \u201cEst\u00e3o previstas entre 100 e 150 mil\u00edmetros. N\u00f3s estivemos ontem l\u00e1 [S\u00e3o Sebasti\u00e3o] e o dia estava bastante tranquilo, ensolarado, mas \u00e0 noite a gente sabe que caiu uma chuvinha. Para regi\u00e3o da Serra da Mantiqueira, a previs\u00e3o para hoje \u00e9 em torno de 250 mil\u00edmetros de chuva\u201d, alertou.<\/p>\n\n\n\n<p>J\u00e1 o ministro Waldez G\u00f3es disse que, nesse primeiro momento, o plano de trabalho est\u00e1 focado em assist\u00eancia \u00e0s cidades de S\u00e3o Sebasti\u00e3o, Ilhabela, Ubatuba, Caraguatatuba, Bertioga e Guaruj\u00e1.<\/p>\n\n\n\n<blockquote class=\"wp-block-quote is-layout-flow wp-block-quote-is-layout-flow\">\n<p>\u201cS\u00e3o mais de 600 homens e mulheres atuando no resgate de pessoas, limpando, desobstruindo estradas, encontrando mortos, levando pessoas para hospitais, distribuindo \u00e1gua, transportando gente com a aeronave. Ent\u00e3o, isso tudo j\u00e1 \u00e9 for\u00e7a tarefa da Defesa Civil integrada. \u00c9 o governo federal do presidente Lula, governo municipal e governo estadual. Ent\u00e3o j\u00e1 h\u00e1 uma atua\u00e7\u00e3o muito forte\u201d, disse, lembrando que em 24 horas as chuvas na regi\u00e3o de S\u00e3o Sebasti\u00e3o superaram os 600 mil\u00edmetros.<\/p>\n<\/blockquote>\n\n\n\n<p>Em outra frente, segundo o ministro, as prefeituras das cidades atingidas, que j\u00e1 tiveram estado de calamidade reconhecidas, trabalham na elabora\u00e7\u00e3o dos planos de trabalho para que sejam feitas as transfer\u00eancias de recursos financeiros e iniciar os trabalhos que restabele\u00e7am a situa\u00e7\u00e3o de normalidade e de reconstru\u00e7\u00e3o das cidades.<\/p>\n\n\n\n<p>\u201cTudo aquilo que for necess\u00e1rio reconstruir, tendo o plano de trabalho, o governo do presidente Lula autoriza a apoiar. N\u00f3s temos mais 1.300 munic\u00edpios no Brasil com problema de situa\u00e7\u00e3o de emerg\u00eancia j\u00e1 decretada e homologada pela Defesa Civil Nacional, e que t\u00eam recebido apoios mais distintos. Temos recursos. O que ocorre \u00e9 que a gente precisa dos planos de trabalho\u201d, explicou G\u00f3es.<\/p>\n\n\n\n<p>Waldez G\u00f3es ressaltou o trabalho integrado do governo federal com as prefeituras e governo do estado de S\u00e3o Paulo, e como exemplo, disse que programas de habita\u00e7\u00e3o como o Minha Casa, Minha Vida, podem ser priorizados em cidades afetadas ou com muitas pessoas em \u00e1reas de risco.<\/p>\n\n\n\n<p>*Mat\u00e9ria alterada para corre\u00e7\u00e3o de informa\u00e7\u00e3o (J\u00e1 o ministro Waldez G\u00f3es disse que, nesse primeiro momento, o plano de trabalho est\u00e1 focado em assist\u00eancia \u00e0s cidades de S\u00e3o Sebasti\u00e3o, Ilhabela, Ubatuba,&nbsp;<strong>Caraguatatuba<\/strong>, Bertioga e Guaruj\u00e1).<\/p>\n\n\n\n<p>Edi\u00e7\u00e3o: Fernando Fraga<\/p>\n","protected":false},"excerpt":{"rendered":"<p>Karine Melo \u2013 Ag\u00eancia Brasil &#8211; O Brasil tem hoje j\u00e1 mapeadas pela Defesa Civil Nacional aproximadamente 14 mil pontos de riscos alt\u00edssimos de desastre e 4 milh\u00f5es de pessoas morando nessas \u00e1reas. A informa\u00e7\u00e3o foi dada \u00e0\u00a0Ag\u00eancia Brasil\u00a0pelo ministro da Integra\u00e7\u00e3o e do Desenvolvimento Regional, Waldez G\u00f3es, nesta ter\u00e7a-feira (21). Waldez G\u00f3es falou tamb\u00e9m sobre a trag\u00e9dia causada pelas fortes chuvas no litoral norte de S\u00e3o Paulo que causou deslizamentos exatamente em \u00e1reas de risco. De acordo com o ministro, desde quinta-feira (16), devido aos alertas de chuva, a Defesa Civil Nacional teve reuni\u00f5es com autoridades dos estados de S\u00e3o Paulo, Rio de Janeiro e Bahia. A trag\u00e9dia j\u00e1 contabiliza 46 \u00f3bitos, 23 feridos, al\u00e9m de 766 pessoas desabrigadas e outras 1730 desalojadas. Entre os desabrigados, a maioria, 500 pessoas, est\u00e3o em S\u00e3o Sebasti\u00e3o que tamb\u00e9m tem outras mil pessoas desalojadas. As v\u00edtimas foram transferidas para uma escola Municipal. Segundo ele, o Brasil tem um sistema de Defesa Civil bem estruturado e organizado. \u201cTemos uma comunica\u00e7\u00e3o vertical muito assertiva no que diz respeito estados e Uni\u00e3o\u201d. Por\u00e9m,&nbsp;G\u00f3es acredita que muitos munic\u00edpios ainda precisarem se organizar mais. O ministro disse que a popula\u00e7\u00e3o resiste muito em acreditar nos alertas. \u201c\u00c9 bom a gente lembrar quem est\u00e1 lidando com informa\u00e7\u00f5es. As pessoas, \u00e0s vezes, tendem a querer acreditar que n\u00e3o vai acontecer [um desastre]. Ent\u00e3o acabam ficando nas suas casas, ou se deslocando [para o local onde foi dado o alerta], como \u00e9 o caso do litoral paulista norte, uma regi\u00e3o bel\u00edssima, de turismo muito forte, sempre muito buscada nesses per\u00edodos\u201d. G\u00f3es lembrou que, al\u00e9m dos moradores, que s\u00e3o milhares de pessoas, parentes ou pessoas a trabalho ou a lazer, se deslocam para a regi\u00e3o nesse per\u00edodo carnavalesco. \u201cEnt\u00e3o tudo isso ainda aumenta mais as possibilidades de risco serem ainda mais iminente\u201d, avaliou. Assist\u00eancia Segundo o Secret\u00e1rio Nacional de Defesa Civil, Wolnei Wolff, os pr\u00f3ximos dias ainda devem ser de tens\u00e3o, j\u00e1 que a previs\u00e3o \u00e9 ainda de muita chuva na regi\u00e3o. \u201cEst\u00e3o previstas entre 100 e 150 mil\u00edmetros. N\u00f3s estivemos ontem l\u00e1 [S\u00e3o Sebasti\u00e3o] e o dia estava bastante tranquilo, ensolarado, mas \u00e0 noite a gente sabe que caiu uma chuvinha. Para regi\u00e3o da Serra da Mantiqueira, a previs\u00e3o para hoje \u00e9 em torno de 250 mil\u00edmetros de chuva\u201d, alertou. J\u00e1 o ministro Waldez G\u00f3es disse que, nesse primeiro momento, o plano de trabalho est\u00e1 focado em assist\u00eancia \u00e0s cidades de S\u00e3o Sebasti\u00e3o, Ilhabela, Ubatuba, Caraguatatuba, Bertioga e Guaruj\u00e1. \u201cS\u00e3o mais de 600 homens e mulheres atuando no resgate de pessoas, limpando, desobstruindo estradas, encontrando mortos, levando pessoas para hospitais, distribuindo \u00e1gua, transportando gente com a aeronave. Ent\u00e3o, isso tudo j\u00e1 \u00e9 for\u00e7a tarefa da Defesa Civil integrada. \u00c9 o governo federal do presidente Lula, governo municipal e governo estadual. Ent\u00e3o j\u00e1 h\u00e1 uma atua\u00e7\u00e3o muito forte\u201d, disse, lembrando que em 24 horas as chuvas na regi\u00e3o de S\u00e3o Sebasti\u00e3o superaram os 600 mil\u00edmetros. Em outra frente, segundo o ministro, as prefeituras das cidades atingidas, que j\u00e1 tiveram estado de calamidade reconhecidas, trabalham na elabora\u00e7\u00e3o dos planos de trabalho para que sejam feitas as transfer\u00eancias de recursos financeiros e iniciar os trabalhos que restabele\u00e7am a situa\u00e7\u00e3o de normalidade e de reconstru\u00e7\u00e3o das cidades. \u201cTudo aquilo que for necess\u00e1rio reconstruir, tendo o plano de trabalho, o governo do presidente Lula autoriza a apoiar. N\u00f3s temos mais 1.300 munic\u00edpios no Brasil com problema de situa\u00e7\u00e3o de emerg\u00eancia j\u00e1 decretada e homologada pela Defesa Civil Nacional, e que t\u00eam recebido apoios mais distintos. Temos recursos. O que ocorre \u00e9 que a gente precisa dos planos de trabalho\u201d, explicou G\u00f3es. Waldez G\u00f3es ressaltou o trabalho integrado do governo federal com as prefeituras e governo do estado de S\u00e3o Paulo, e como exemplo, disse que programas de habita\u00e7\u00e3o como o Minha Casa, Minha Vida, podem ser priorizados em cidades afetadas ou com muitas pessoas em \u00e1reas de risco. *Mat\u00e9ria alterada para corre\u00e7\u00e3o de informa\u00e7\u00e3o (J\u00e1 o ministro Waldez G\u00f3es disse que, nesse primeiro momento, o plano de trabalho est\u00e1 focado em assist\u00eancia \u00e0s cidades de S\u00e3o Sebasti\u00e3o, Ilhabela, Ubatuba,&nbsp;Caraguatatuba, Bertioga e Guaruj\u00e1). Edi\u00e7\u00e3o: Fernando Fraga<\/p>\n","protected":false},"author":3,"featured_media":149793,"comment_status":"open","ping_status":"open","sticky":false,"template":"","format":"standard","meta":{"_seopress_robots_primary_cat":"","_seopress_titles_title":"","_seopress_titles_desc":"","_seopress_robots_index":"","footnotes":""},"categories":[14],"tags":[],"class_list":["post-149791","post","type-post","status-publish","format-standard","has-post-thumbnail","hentry","category-politica"],"_links":{"self":[{"href":"https:\/\/jornalhoje.inf.br\/wp\/wp-json\/wp\/v2\/posts\/149791","targetHints":{"allow":["GET"]}}],"collection":[{"href":"https:\/\/jornalhoje.inf.br\/wp\/wp-json\/wp\/v2\/posts"}],"about":[{"href":"https:\/\/jornalhoje.inf.br\/wp\/wp-json\/wp\/v2\/types\/post"}],"author":[{"embeddable":true,"href":"https:\/\/jornalhoje.inf.br\/wp\/wp-json\/wp\/v2\/users\/3"}],"replies":[{"embeddable":true,"href":"https:\/\/jornalhoje.inf.br\/wp\/wp-json\/wp\/v2\/comments?post=149791"}],"version-history":[{"count":1,"href":"https:\/\/jornalhoje.inf.br\/wp\/wp-json\/wp\/v2\/posts\/149791\/revisions"}],"predecessor-version":[{"id":149792,"href":"https:\/\/jornalhoje.inf.br\/wp\/wp-json\/wp\/v2\/posts\/149791\/revisions\/149792"}],"wp:featuredmedia":[{"embeddable":true,"href":"https:\/\/jornalhoje.inf.br\/wp\/wp-json\/wp\/v2\/media\/149793"}],"wp:attachment":[{"href":"https:\/\/jornalhoje.inf.br\/wp\/wp-json\/wp\/v2\/media?parent=149791"}],"wp:term":[{"taxonomy":"category","embeddable":true,"href":"https:\/\/jornalhoje.inf.br\/wp\/wp-json\/wp\/v2\/categories?post=149791"},{"taxonomy":"post_tag","embeddable":true,"href":"https:\/\/jornalhoje.inf.br\/wp\/wp-json\/wp\/v2\/tags?post=149791"}],"curies":[{"name":"wp","href":"https:\/\/api.w.org\/{rel}","templated":true}]}}