{"id":149916,"date":"2023-02-25T10:36:42","date_gmt":"2023-02-25T12:36:42","guid":{"rendered":"https:\/\/jornalhoje.inf.br\/wp\/?p=149916"},"modified":"2023-02-25T15:08:00","modified_gmt":"2023-02-25T17:08:00","slug":"na-india-haddad-mostra-preocupacao-com-juros-altos-e-crise-climatica","status":"publish","type":"post","link":"https:\/\/jornalhoje.inf.br\/wp\/na-india-haddad-mostra-preocupacao-com-juros-altos-e-crise-climatica\/","title":{"rendered":"Na \u00cdndia, Haddad mostra preocupa\u00e7\u00e3o com juros altos e crise clim\u00e1tica"},"content":{"rendered":"<div id=\"fb-root\"><\/div>\n\n<p>Luciano Nascimento \u2013 Ag\u00eancia Brasil &#8211; O Ministro da Fazenda, Fernando Haddad, manifestou hoje (24), durante discurso em reuni\u00e3o do G20, na \u00cdndia, preocupa\u00e7\u00e3o com a eleva\u00e7\u00e3o dos juros e o endividamentos dos pa\u00edses mais pobres. Para o ministro, os bancos multilaterais devem promover reformas internas para direcionar recursos para a\u00e7\u00f5es de alimenta\u00e7\u00e3o, combate \u00e0 pobreza e no enfrentamento \u00e0 crise clim\u00e1tica. O G20 \u00e9 o grupo formado pelos ministros de finan\u00e7as e chefes dos bancos centrais das 19 maiores economias do mundo mais a Uni\u00e3o Europeia.<img decoding=\"async\" src=\"https:\/\/agenciabrasil.ebc.com.br\/ebc.png?id=1512653&amp;o=node\"><img decoding=\"async\" src=\"https:\/\/agenciabrasil.ebc.com.br\/ebc.gif?id=1512653&amp;o=node\"><\/p>\n\n\n\n<p>\u201cMantendo o foco na prosperidade compartilhada e nos Objetivos de Desenvolvimento Sustent\u00e1vel (ODS), devemos aprofundar as discuss\u00f5es sobre reformas nos bancos multilaterais de desenvolvimento que reforcem seu papel de formar parcerias e canalizar recursos para lidar com o nexo clima, alimenta\u00e7\u00e3o e pobreza\u201d, disse Haddad na sess\u00e3o de abertura da reuni\u00e3o do G20.<\/p>\n\n\n\n<p>Em seu pronunciamento, Haddad disse que essas institui\u00e7\u00f5es devem ser capitalizadas para apoiar os pa\u00edses em desenvolvimento com financiamento de longo prazo, taxas de juros adequadas e estruturas inovadoras para reduzir riscos, estimular parcerias p\u00fablico-privadas e atrair investimentos privados.<\/p>\n\n\n\n<blockquote class=\"wp-block-quote is-layout-flow wp-block-quote-is-layout-flow\">\n<p>\u201cA eleva\u00e7\u00e3o dos juros em meio \u00e0 fragilidade da economia mundial agrava o cen\u00e1rio. Devemos continuar o trabalho que est\u00e1 sendo realizado no Marco Comum e outros esfor\u00e7os de coordena\u00e7\u00e3o coletiva. Ter mecanismos para uma reestrutura\u00e7\u00e3o ordenada e oportuna \u00e9 do interesse de credores e devedores\u201d.<\/p>\n<\/blockquote>\n\n\n\n<p>Haddad disse ainda que o Brasil estava \u201cisolado\u201d, mas que agora vai reconstruir sua presen\u00e7a internacional para promover entendimentos baseados na inclus\u00e3o e em um futuro sustent\u00e1vel, com redu\u00e7\u00e3o das desigualdades e no alcance das metas de redu\u00e7\u00e3o de emiss\u00f5es de carbono, em especial, para projetos dos pa\u00edses em desenvolvimento e emergentes.<\/p>\n\n\n\n<p>\u201cO financiamento clim\u00e1tico \u00e9 mais caro e apresenta taxas de risco mais altas para esses pa\u00edses, o que dificulta o alcance das metas de redu\u00e7\u00e3o de emiss\u00f5es de carbono\u201d, disse.<\/p>\n\n\n\n<p>O ministro abordou os desafios mundiais enfrentados atualmente, como as consequ\u00eancias da pandemia da covid-19, guerras, conflitos, aumento da pobreza e das desigualdades, obst\u00e1culos ao abastecimento de alimentos e de energia limpa. Ele enfatizou que deve haver mais di\u00e1logo entre as maiores economias para que se obtenha resultados concretos.<\/p>\n\n\n\n<p>Haddad disse ainda, em 2024, quando o Brasil estar\u00e1 na presid\u00eancia do G20, trabalhar\u00e1 para fortalecer o multilateralismo, mantendo o foco na prosperidade compartilhada e nos Objetivos de Desenvolvimento Sustent\u00e1vel (ODS), destacando o compromisso do governo em acabar com o desmatamento at\u00e9 2030.<\/p>\n\n\n\n<p>Edi\u00e7\u00e3o: Denise Griesinger<\/p>\n","protected":false},"excerpt":{"rendered":"<p>Luciano Nascimento \u2013 Ag\u00eancia Brasil &#8211; O Ministro da Fazenda, Fernando Haddad, manifestou hoje (24), durante discurso em reuni\u00e3o do G20, na \u00cdndia, preocupa\u00e7\u00e3o com a eleva\u00e7\u00e3o dos juros e o endividamentos dos pa\u00edses mais pobres. Para o ministro, os bancos multilaterais devem promover reformas internas para direcionar recursos para a\u00e7\u00f5es de alimenta\u00e7\u00e3o, combate \u00e0 pobreza e no enfrentamento \u00e0 crise clim\u00e1tica. O G20 \u00e9 o grupo formado pelos ministros de finan\u00e7as e chefes dos bancos centrais das 19 maiores economias do mundo mais a Uni\u00e3o Europeia. \u201cMantendo o foco na prosperidade compartilhada e nos Objetivos de Desenvolvimento Sustent\u00e1vel (ODS), devemos aprofundar as discuss\u00f5es sobre reformas nos bancos multilaterais de desenvolvimento que reforcem seu papel de formar parcerias e canalizar recursos para lidar com o nexo clima, alimenta\u00e7\u00e3o e pobreza\u201d, disse Haddad na sess\u00e3o de abertura da reuni\u00e3o do G20. Em seu pronunciamento, Haddad disse que essas institui\u00e7\u00f5es devem ser capitalizadas para apoiar os pa\u00edses em desenvolvimento com financiamento de longo prazo, taxas de juros adequadas e estruturas inovadoras para reduzir riscos, estimular parcerias p\u00fablico-privadas e atrair investimentos privados. \u201cA eleva\u00e7\u00e3o dos juros em meio \u00e0 fragilidade da economia mundial agrava o cen\u00e1rio. Devemos continuar o trabalho que est\u00e1 sendo realizado no Marco Comum e outros esfor\u00e7os de coordena\u00e7\u00e3o coletiva. Ter mecanismos para uma reestrutura\u00e7\u00e3o ordenada e oportuna \u00e9 do interesse de credores e devedores\u201d. Haddad disse ainda que o Brasil estava \u201cisolado\u201d, mas que agora vai reconstruir sua presen\u00e7a internacional para promover entendimentos baseados na inclus\u00e3o e em um futuro sustent\u00e1vel, com redu\u00e7\u00e3o das desigualdades e no alcance das metas de redu\u00e7\u00e3o de emiss\u00f5es de carbono, em especial, para projetos dos pa\u00edses em desenvolvimento e emergentes. \u201cO financiamento clim\u00e1tico \u00e9 mais caro e apresenta taxas de risco mais altas para esses pa\u00edses, o que dificulta o alcance das metas de redu\u00e7\u00e3o de emiss\u00f5es de carbono\u201d, disse. O ministro abordou os desafios mundiais enfrentados atualmente, como as consequ\u00eancias da pandemia da covid-19, guerras, conflitos, aumento da pobreza e das desigualdades, obst\u00e1culos ao abastecimento de alimentos e de energia limpa. Ele enfatizou que deve haver mais di\u00e1logo entre as maiores economias para que se obtenha resultados concretos. Haddad disse ainda, em 2024, quando o Brasil estar\u00e1 na presid\u00eancia do G20, trabalhar\u00e1 para fortalecer o multilateralismo, mantendo o foco na prosperidade compartilhada e nos Objetivos de Desenvolvimento Sustent\u00e1vel (ODS), destacando o compromisso do governo em acabar com o desmatamento at\u00e9 2030. Edi\u00e7\u00e3o: Denise Griesinger<\/p>\n","protected":false},"author":3,"featured_media":149918,"comment_status":"open","ping_status":"open","sticky":false,"template":"","format":"standard","meta":{"_seopress_robots_primary_cat":"","_seopress_titles_title":"","_seopress_titles_desc":"","_seopress_robots_index":"","footnotes":""},"categories":[30,14],"tags":[],"class_list":["post-149916","post","type-post","status-publish","format-standard","has-post-thumbnail","hentry","category-destaques","category-politica"],"_links":{"self":[{"href":"https:\/\/jornalhoje.inf.br\/wp\/wp-json\/wp\/v2\/posts\/149916","targetHints":{"allow":["GET"]}}],"collection":[{"href":"https:\/\/jornalhoje.inf.br\/wp\/wp-json\/wp\/v2\/posts"}],"about":[{"href":"https:\/\/jornalhoje.inf.br\/wp\/wp-json\/wp\/v2\/types\/post"}],"author":[{"embeddable":true,"href":"https:\/\/jornalhoje.inf.br\/wp\/wp-json\/wp\/v2\/users\/3"}],"replies":[{"embeddable":true,"href":"https:\/\/jornalhoje.inf.br\/wp\/wp-json\/wp\/v2\/comments?post=149916"}],"version-history":[{"count":1,"href":"https:\/\/jornalhoje.inf.br\/wp\/wp-json\/wp\/v2\/posts\/149916\/revisions"}],"predecessor-version":[{"id":149917,"href":"https:\/\/jornalhoje.inf.br\/wp\/wp-json\/wp\/v2\/posts\/149916\/revisions\/149917"}],"wp:featuredmedia":[{"embeddable":true,"href":"https:\/\/jornalhoje.inf.br\/wp\/wp-json\/wp\/v2\/media\/149918"}],"wp:attachment":[{"href":"https:\/\/jornalhoje.inf.br\/wp\/wp-json\/wp\/v2\/media?parent=149916"}],"wp:term":[{"taxonomy":"category","embeddable":true,"href":"https:\/\/jornalhoje.inf.br\/wp\/wp-json\/wp\/v2\/categories?post=149916"},{"taxonomy":"post_tag","embeddable":true,"href":"https:\/\/jornalhoje.inf.br\/wp\/wp-json\/wp\/v2\/tags?post=149916"}],"curies":[{"name":"wp","href":"https:\/\/api.w.org\/{rel}","templated":true}]}}