{"id":151207,"date":"2023-03-23T10:08:52","date_gmt":"2023-03-23T13:08:52","guid":{"rendered":"https:\/\/jornalhoje.inf.br\/wp\/?p=151207"},"modified":"2023-03-23T10:09:47","modified_gmt":"2023-03-23T13:09:47","slug":"rio-tem-aumento-de-crimes-contra-vida-e-queda-nos-roubos-de-rua","status":"publish","type":"post","link":"https:\/\/jornalhoje.inf.br\/wp\/rio-tem-aumento-de-crimes-contra-vida-e-queda-nos-roubos-de-rua\/","title":{"rendered":"Rio tem aumento de crimes contra&nbsp;vida e queda nos roubos de rua"},"content":{"rendered":"<div id=\"fb-root\"><\/div>\n\n<p>Douglas Corr\u00eaa &#8211; Ag\u00eancia Brasil &#8211; O Instituto de Seguran\u00e7a P\u00fablica (ISP) divulgou\u00a0hoje\u00a0(22) os indicadores de viol\u00eancia nos dois primeiros meses de 2023 no estado do Rio\u00a0de Janeiro. Nos meses\u00a0de janeiro\u00a0e fevereiro deste ano,\u00a0 os crimes contra a vida, como\u00a0letalidade violenta e de homic\u00eddios aumentaram compara\u00e7\u00e3o aos dois primeiros meses de 2022.<img decoding=\"async\" src=\"https:\/\/agenciabrasil.ebc.com.br\/ebc.png?id=1518070&amp;o=node\"><img decoding=\"async\" src=\"https:\/\/agenciabrasil.ebc.com.br\/ebc.gif?id=1518070&amp;o=node\"><\/p>\n\n\n\n<p>Os crimes de letalidade violenta, como homic\u00eddio doloso, quando h\u00e1 a inten\u00e7\u00e3o de matar; roubo seguido de morte, les\u00e3o corporal seguida de morte e morte por interven\u00e7\u00e3o de agente do estado&nbsp;resultaram em 768 mortes no primeiro bimestre de 2023 e 405 em&nbsp; fevereiro. No comparativo com os dois primeiros meses do ano passado, o delito registrou aumento de 6% no acumulado e de 12% no mensal.<\/p>\n\n\n\n<p>Os roubos de rua (a transeunte, de aparelho celular e em coletivos) tiveram uma queda de 10% no estado do Rio em compara\u00e7\u00e3o com o mesmo per\u00edodo do ano passado. Foram 8.881 casos entre janeiro e fevereiro deste ano, contra 9.909 em 2022, esse \u00e9 o menor n\u00famero verificado desde 2005, nos \u00faltimos 18 anos.<\/p>\n\n\n\n<p>Os crimes contra a vida, como&nbsp;letalidade violenta e de homic\u00eddios aumentaram nos dois primeiros meses de 2023. Os crimes de letalidade violenta, como homic\u00eddio doloso, quando h\u00e1 a inten\u00e7\u00e3o de matar; roubo seguido de morte, les\u00e3o corporal seguida de morte e morte por interven\u00e7\u00e3o de agente do estado&nbsp;foram:&nbsp;768 mortes no primeiro bimestre de 2023 e 405 em&nbsp; fevereiro. No comparativo com os primeiros dois meses de 2022, o delito registrou aumento de 6% no acumulado e de 12% no mensal.<\/p>\n\n\n\n<p>Os crimes contra o patrim\u00f4nio, como roubo de carga e de ve\u00edculo, registraram queda no per\u00edodo, de 8% e 7%, respectivamente. Nos roubos de carga, o n\u00famero de casos foi o menor dos \u00faltimos 10 anos e, no de ve\u00edculos, o menor desde 2011.<\/p>\n\n\n\n<p>O governador Cl\u00e1udio Castro comentou os \u00edndices e destacou o trabalho integrado das pol\u00edcias Civil e Militar. \u201cSem isso, n\u00e3o chegar\u00edamos a resultados t\u00e3o relevantes. Temos investido em tecnologia e intelig\u00eancia, al\u00e9m de melhorar as condi\u00e7\u00f5es de trabalho dos policiais para levar cada vez mais seguran\u00e7a a quem mora e investe no nosso estado\u201d, avaliou Castro.<\/p>\n\n\n\n<p>Ao todo, 5.972 pessoas foram presas em flagrante nos dois meses de 2023, 10 armas de fogo foram retiradas das ruas por dia, sendo que, em m\u00e9dia, o fuzil, arma de guerra, teve um armamento apreendido por dia, o que d\u00e1 60 armas de grosso calibre, retiradas das m\u00e3os de criminosos nos dois primeiros meses do ano.<\/p>\n\n\n\n<p>A diretora-presidente do ISP, Marcela Ortiz, disse que \u201ca redu\u00e7\u00e3o dos crimes contra o patrim\u00f4nio, principalmente dos roubos de rua, na \u00e9poca do Carnaval, quando temos diversos blocos nas ruas, mostra que os esfor\u00e7os das pol\u00edcias civil e militar est\u00e3o sendo efetivos\u201d, explicou.<\/p>\n\n\n\n<p>Edi\u00e7\u00e3o: Maria Claudia<\/p>\n","protected":false},"excerpt":{"rendered":"<p>Douglas Corr\u00eaa &#8211; Ag\u00eancia Brasil &#8211; O Instituto de Seguran\u00e7a P\u00fablica (ISP) divulgou\u00a0hoje\u00a0(22) os indicadores de viol\u00eancia nos dois primeiros meses de 2023 no estado do Rio\u00a0de Janeiro. Nos meses\u00a0de janeiro\u00a0e fevereiro deste ano,\u00a0 os crimes contra a vida, como\u00a0letalidade violenta e de homic\u00eddios aumentaram compara\u00e7\u00e3o aos dois primeiros meses de 2022. Os crimes de letalidade violenta, como homic\u00eddio doloso, quando h\u00e1 a inten\u00e7\u00e3o de matar; roubo seguido de morte, les\u00e3o corporal seguida de morte e morte por interven\u00e7\u00e3o de agente do estado&nbsp;resultaram em 768 mortes no primeiro bimestre de 2023 e 405 em&nbsp; fevereiro. No comparativo com os dois primeiros meses do ano passado, o delito registrou aumento de 6% no acumulado e de 12% no mensal. Os roubos de rua (a transeunte, de aparelho celular e em coletivos) tiveram uma queda de 10% no estado do Rio em compara\u00e7\u00e3o com o mesmo per\u00edodo do ano passado. Foram 8.881 casos entre janeiro e fevereiro deste ano, contra 9.909 em 2022, esse \u00e9 o menor n\u00famero verificado desde 2005, nos \u00faltimos 18 anos. Os crimes contra a vida, como&nbsp;letalidade violenta e de homic\u00eddios aumentaram nos dois primeiros meses de 2023. Os crimes de letalidade violenta, como homic\u00eddio doloso, quando h\u00e1 a inten\u00e7\u00e3o de matar; roubo seguido de morte, les\u00e3o corporal seguida de morte e morte por interven\u00e7\u00e3o de agente do estado&nbsp;foram:&nbsp;768 mortes no primeiro bimestre de 2023 e 405 em&nbsp; fevereiro. No comparativo com os primeiros dois meses de 2022, o delito registrou aumento de 6% no acumulado e de 12% no mensal. Os crimes contra o patrim\u00f4nio, como roubo de carga e de ve\u00edculo, registraram queda no per\u00edodo, de 8% e 7%, respectivamente. Nos roubos de carga, o n\u00famero de casos foi o menor dos \u00faltimos 10 anos e, no de ve\u00edculos, o menor desde 2011. O governador Cl\u00e1udio Castro comentou os \u00edndices e destacou o trabalho integrado das pol\u00edcias Civil e Militar. \u201cSem isso, n\u00e3o chegar\u00edamos a resultados t\u00e3o relevantes. Temos investido em tecnologia e intelig\u00eancia, al\u00e9m de melhorar as condi\u00e7\u00f5es de trabalho dos policiais para levar cada vez mais seguran\u00e7a a quem mora e investe no nosso estado\u201d, avaliou Castro. Ao todo, 5.972 pessoas foram presas em flagrante nos dois meses de 2023, 10 armas de fogo foram retiradas das ruas por dia, sendo que, em m\u00e9dia, o fuzil, arma de guerra, teve um armamento apreendido por dia, o que d\u00e1 60 armas de grosso calibre, retiradas das m\u00e3os de criminosos nos dois primeiros meses do ano. A diretora-presidente do ISP, Marcela Ortiz, disse que \u201ca redu\u00e7\u00e3o dos crimes contra o patrim\u00f4nio, principalmente dos roubos de rua, na \u00e9poca do Carnaval, quando temos diversos blocos nas ruas, mostra que os esfor\u00e7os das pol\u00edcias civil e militar est\u00e3o sendo efetivos\u201d, explicou. Edi\u00e7\u00e3o: Maria Claudia<\/p>\n","protected":false},"author":3,"featured_media":151210,"comment_status":"open","ping_status":"open","sticky":false,"template":"","format":"standard","meta":{"_seopress_robots_primary_cat":"","_seopress_titles_title":"","_seopress_titles_desc":"","_seopress_robots_index":"","footnotes":""},"categories":[16,31],"tags":[],"class_list":["post-151207","post","type-post","status-publish","format-standard","has-post-thumbnail","hentry","category-geral","category-principais"],"_links":{"self":[{"href":"https:\/\/jornalhoje.inf.br\/wp\/wp-json\/wp\/v2\/posts\/151207","targetHints":{"allow":["GET"]}}],"collection":[{"href":"https:\/\/jornalhoje.inf.br\/wp\/wp-json\/wp\/v2\/posts"}],"about":[{"href":"https:\/\/jornalhoje.inf.br\/wp\/wp-json\/wp\/v2\/types\/post"}],"author":[{"embeddable":true,"href":"https:\/\/jornalhoje.inf.br\/wp\/wp-json\/wp\/v2\/users\/3"}],"replies":[{"embeddable":true,"href":"https:\/\/jornalhoje.inf.br\/wp\/wp-json\/wp\/v2\/comments?post=151207"}],"version-history":[{"count":2,"href":"https:\/\/jornalhoje.inf.br\/wp\/wp-json\/wp\/v2\/posts\/151207\/revisions"}],"predecessor-version":[{"id":151211,"href":"https:\/\/jornalhoje.inf.br\/wp\/wp-json\/wp\/v2\/posts\/151207\/revisions\/151211"}],"wp:featuredmedia":[{"embeddable":true,"href":"https:\/\/jornalhoje.inf.br\/wp\/wp-json\/wp\/v2\/media\/151210"}],"wp:attachment":[{"href":"https:\/\/jornalhoje.inf.br\/wp\/wp-json\/wp\/v2\/media?parent=151207"}],"wp:term":[{"taxonomy":"category","embeddable":true,"href":"https:\/\/jornalhoje.inf.br\/wp\/wp-json\/wp\/v2\/categories?post=151207"},{"taxonomy":"post_tag","embeddable":true,"href":"https:\/\/jornalhoje.inf.br\/wp\/wp-json\/wp\/v2\/tags?post=151207"}],"curies":[{"name":"wp","href":"https:\/\/api.w.org\/{rel}","templated":true}]}}