{"id":152384,"date":"2023-04-16T09:46:48","date_gmt":"2023-04-16T12:46:48","guid":{"rendered":"https:\/\/jornalhoje.inf.br\/wp\/?p=152384"},"modified":"2023-04-16T09:47:13","modified_gmt":"2023-04-16T12:47:13","slug":"acordo-com-emirados-arabes-preve-investimentos-de-r-12-bi-na-bahia","status":"publish","type":"post","link":"https:\/\/jornalhoje.inf.br\/wp\/acordo-com-emirados-arabes-preve-investimentos-de-r-12-bi-na-bahia\/","title":{"rendered":"Acordo com Emirados \u00c1rabes prev\u00ea investimentos de R$ 12 bi na Bahia"},"content":{"rendered":"<div id=\"fb-root\"><\/div>\n\n<p>Marcos Uch\u00f4a &#8211; EBC &#8211; Abu Dhabi, capital dos Emirados \u00c1rabes Unidos, era uma escala a caminho de casa do presidente Luiz In\u00e1cio Lula da Silva, depois de\u00a0<a rel=\"noreferrer noopener\" href=\"https:\/\/agenciabrasil.ebc.com.br\/internacional\/noticia\/2023-04\/lula-relacao-entre-brasil-e-china-muda-de-patamar-apos-viagem\" target=\"_blank\">visitar a China<\/a>.<\/p>\n\n\n\n<p>Neste s\u00e1bado, na \u00faltima escala da viagem oficial na \u00c1sia,&nbsp;<a href=\"https:\/\/agenciabrasil.ebc.com.br\/internacional\/noticia\/2023-04\/lula-assina-acordos-com-emirados-arabes-unidos\" target=\"_blank\" rel=\"noreferrer noopener\">Lula e membros do governo brasileiro assinaram acordos de coopera\u00e7\u00e3o com o pa\u00eds \u00e1rabe<\/a>.<\/p>\n\n\n\n<figure class=\"wp-block-image\"><img decoding=\"async\" src=\"https:\/\/imagens.ebc.com.br\/M8MIAmpg1rsEGXnMxXLCem8eZl4=\/463x0\/smart\/https:\/\/agenciabrasil.ebc.com.br\/sites\/default\/files\/thumbnails\/image\/whatsapp_image_2023-04-15_at_12.31.11_pm.jpg?itok=awOwu3C1\" alt=\"Abu Dhabi 15-04-2023 - O presidente Luiz In\u00e1cio Lula da Silva, foi recebido pelo xeique Mohammed bin Zayed Al Nahyan em Abu Dhabi nos Emirados \u00c1rabes em Abu Dhabi. Foto: Ricardo Stuckert\/PR\" title=\"Ricardo Stuckert\/PR\"\/><\/figure>\n\n\n\n<h6 class=\"wp-block-heading\">O presidente Luiz In\u00e1cio Lula da Silva, foi recebido pelo xeique Mohammed bin Zayed Al Nahyan em Abu Dhabi nos Emirados \u00c1rabes em Abu Dhabi. Foto:&nbsp;<strong>Ricardo Stuckert\/PR<\/strong><\/h6>\n\n\n\n<p>O pal\u00e1cio do emir de Abu Dhabi, xeique Mohammed bin Zayed al-Nahyan, que \u00e9 o presidente dos Emirados \u00c1rabes Unidos, \u00e9 enorme! Caberiam carros aleg\u00f3ricos de escolas de samba ali dentro.<\/p>\n\n\n\n<p>L\u00e1, o que se viu foi um protocolar espet\u00e1culo de hinos, bandas e militares com espadas, que s\u00e3o armas de outros tempos. Mas a ideia de nobreza no mundo \u00e1rabe com seus l\u00edderes com poderes absolutos, tamb\u00e9m s\u00e3o, em grande parte do mundo, algo do passado.<\/p>\n\n\n\n<p>As duas delega\u00e7\u00f5es conversaram rapidamente e foram para o jantar. Provavelmente essa pressa se deve a que se vive no mundo mu\u00e7ulmano o per\u00edodo do Ramadan, onde n\u00e3o se pode comer entre o nascer e o por do sol.<br><br>Al\u00e9m da sempre importante aproxima\u00e7\u00e3o pol\u00edtica com o l\u00edder dos Emirados, que \u00e9 bastante influente no mundo \u00e1rabe, a visita serviu para atender um pa\u00eds que tem muitos investimentos no Brasil. E que anunciou hoje um de grande porte, R$ 12 bilh\u00f5es, na Bahia.<\/p>\n\n\n\n<p>O governador Jeronimo Rodrigues foi o que saiu mais feliz dessa visita:<strong>&nbsp;<\/strong>&#8220;Acabei de assinar um termo de compromisso para investimento na produ\u00e7\u00e3o de diesel verde a partir da carna\u00faba e do dend\u00ea. Mais um saldo positivo para a gera\u00e7\u00e3o de trabalho e renda&#8221;, disse em v\u00eddeo publicado no Twitter.<\/p>\n\n\n\n<p>Rodrigues, que integra a comitiva, assinou memorando de entendimento entre o estado e o fundo financeiro de Abu Dhabi Mubadala Capital, controlador da refinaria de Mataripe, privatizada em 2021. O fundo empresarial comprometeu-se a investir R$ 12 bilh\u00f5es, em 10 anos, na constru\u00e7\u00e3o de uma f\u00e1brica de diesel verde e de querosene de avia\u00e7\u00e3o sustent\u00e1vel.<\/p>\n\n\n\n<p>Quanto ao meio ambiente, para um pa\u00eds que vive da riqueza ecologicamente incorreta do petr\u00f3leo, e que vai sediar a grande confer\u00eancia sobre o clima no fim do ano, se esperava um gesto mais concreto em rela\u00e7\u00e3o \u00e0 Amaz\u00f4nia. Mas por enquanto nada.<\/p>\n\n\n\n<p>Lula ainda visita uma mesquita neste domingo (16), antes de embarcar de volta ao Brasil.<\/p>\n\n\n\n<h2 class=\"wp-block-heading\">Assista \u00e0 reportagem da TV Brasil:<\/h2>\n\n\n\n<figure class=\"wp-block-embed is-provider-youtube wp-block-embed-youtube\"><div class=\"wp-block-embed__wrapper\">\n<iframe title=\"Lula se re\u00fane com o presidente dos Emirados \u00c1rabes em Abu Dahbi\" width=\"800\" height=\"450\" src=\"https:\/\/www.youtube.com\/embed\/KgZM4wPJV5c?feature=oembed\" frameborder=\"0\" allow=\"accelerometer; autoplay; clipboard-write; encrypted-media; gyroscope; picture-in-picture; web-share\" referrerpolicy=\"strict-origin-when-cross-origin\" allowfullscreen><\/iframe>\n<\/div><\/figure>\n\n\n\n<p>Edi\u00e7\u00e3o: Kelly Oliveira<\/p>\n","protected":false},"excerpt":{"rendered":"<p>Marcos Uch\u00f4a &#8211; EBC &#8211; Abu Dhabi, capital dos Emirados \u00c1rabes Unidos, era uma escala a caminho de casa do presidente Luiz In\u00e1cio Lula da Silva, depois de\u00a0visitar a China. Neste s\u00e1bado, na \u00faltima escala da viagem oficial na \u00c1sia,&nbsp;Lula e membros do governo brasileiro assinaram acordos de coopera\u00e7\u00e3o com o pa\u00eds \u00e1rabe. O presidente Luiz In\u00e1cio Lula da Silva, foi recebido pelo xeique Mohammed bin Zayed Al Nahyan em Abu Dhabi nos Emirados \u00c1rabes em Abu Dhabi. Foto:&nbsp;Ricardo Stuckert\/PR O pal\u00e1cio do emir de Abu Dhabi, xeique Mohammed bin Zayed al-Nahyan, que \u00e9 o presidente dos Emirados \u00c1rabes Unidos, \u00e9 enorme! Caberiam carros aleg\u00f3ricos de escolas de samba ali dentro. L\u00e1, o que se viu foi um protocolar espet\u00e1culo de hinos, bandas e militares com espadas, que s\u00e3o armas de outros tempos. Mas a ideia de nobreza no mundo \u00e1rabe com seus l\u00edderes com poderes absolutos, tamb\u00e9m s\u00e3o, em grande parte do mundo, algo do passado. As duas delega\u00e7\u00f5es conversaram rapidamente e foram para o jantar. Provavelmente essa pressa se deve a que se vive no mundo mu\u00e7ulmano o per\u00edodo do Ramadan, onde n\u00e3o se pode comer entre o nascer e o por do sol. Al\u00e9m da sempre importante aproxima\u00e7\u00e3o pol\u00edtica com o l\u00edder dos Emirados, que \u00e9 bastante influente no mundo \u00e1rabe, a visita serviu para atender um pa\u00eds que tem muitos investimentos no Brasil. E que anunciou hoje um de grande porte, R$ 12 bilh\u00f5es, na Bahia. O governador Jeronimo Rodrigues foi o que saiu mais feliz dessa visita:&nbsp;&#8220;Acabei de assinar um termo de compromisso para investimento na produ\u00e7\u00e3o de diesel verde a partir da carna\u00faba e do dend\u00ea. Mais um saldo positivo para a gera\u00e7\u00e3o de trabalho e renda&#8221;, disse em v\u00eddeo publicado no Twitter. Rodrigues, que integra a comitiva, assinou memorando de entendimento entre o estado e o fundo financeiro de Abu Dhabi Mubadala Capital, controlador da refinaria de Mataripe, privatizada em 2021. O fundo empresarial comprometeu-se a investir R$ 12 bilh\u00f5es, em 10 anos, na constru\u00e7\u00e3o de uma f\u00e1brica de diesel verde e de querosene de avia\u00e7\u00e3o sustent\u00e1vel. Quanto ao meio ambiente, para um pa\u00eds que vive da riqueza ecologicamente incorreta do petr\u00f3leo, e que vai sediar a grande confer\u00eancia sobre o clima no fim do ano, se esperava um gesto mais concreto em rela\u00e7\u00e3o \u00e0 Amaz\u00f4nia. Mas por enquanto nada. Lula ainda visita uma mesquita neste domingo (16), antes de embarcar de volta ao Brasil. Assista \u00e0 reportagem da TV Brasil: Edi\u00e7\u00e3o: Kelly Oliveira<\/p>\n","protected":false},"author":3,"featured_media":152387,"comment_status":"open","ping_status":"open","sticky":false,"template":"","format":"standard","meta":{"_seopress_robots_primary_cat":"","_seopress_titles_title":"","_seopress_titles_desc":"","_seopress_robots_index":"","footnotes":""},"categories":[14,31],"tags":[],"class_list":["post-152384","post","type-post","status-publish","format-standard","has-post-thumbnail","hentry","category-politica","category-principais"],"_links":{"self":[{"href":"https:\/\/jornalhoje.inf.br\/wp\/wp-json\/wp\/v2\/posts\/152384","targetHints":{"allow":["GET"]}}],"collection":[{"href":"https:\/\/jornalhoje.inf.br\/wp\/wp-json\/wp\/v2\/posts"}],"about":[{"href":"https:\/\/jornalhoje.inf.br\/wp\/wp-json\/wp\/v2\/types\/post"}],"author":[{"embeddable":true,"href":"https:\/\/jornalhoje.inf.br\/wp\/wp-json\/wp\/v2\/users\/3"}],"replies":[{"embeddable":true,"href":"https:\/\/jornalhoje.inf.br\/wp\/wp-json\/wp\/v2\/comments?post=152384"}],"version-history":[{"count":1,"href":"https:\/\/jornalhoje.inf.br\/wp\/wp-json\/wp\/v2\/posts\/152384\/revisions"}],"predecessor-version":[{"id":152386,"href":"https:\/\/jornalhoje.inf.br\/wp\/wp-json\/wp\/v2\/posts\/152384\/revisions\/152386"}],"wp:featuredmedia":[{"embeddable":true,"href":"https:\/\/jornalhoje.inf.br\/wp\/wp-json\/wp\/v2\/media\/152387"}],"wp:attachment":[{"href":"https:\/\/jornalhoje.inf.br\/wp\/wp-json\/wp\/v2\/media?parent=152384"}],"wp:term":[{"taxonomy":"category","embeddable":true,"href":"https:\/\/jornalhoje.inf.br\/wp\/wp-json\/wp\/v2\/categories?post=152384"},{"taxonomy":"post_tag","embeddable":true,"href":"https:\/\/jornalhoje.inf.br\/wp\/wp-json\/wp\/v2\/tags?post=152384"}],"curies":[{"name":"wp","href":"https:\/\/api.w.org\/{rel}","templated":true}]}}