{"id":171580,"date":"2024-05-06T13:39:45","date_gmt":"2024-05-06T16:39:45","guid":{"rendered":"https:\/\/jornalhoje.inf.br\/wp\/?p=171580"},"modified":"2024-05-06T13:40:23","modified_gmt":"2024-05-06T16:40:23","slug":"cedae-fara-manutencao-no-sistema-eletrico-da-eta-guandu-na-quinta-feira","status":"publish","type":"post","link":"https:\/\/jornalhoje.inf.br\/wp\/cedae-fara-manutencao-no-sistema-eletrico-da-eta-guandu-na-quinta-feira\/","title":{"rendered":"Cedae far\u00e1 manuten\u00e7\u00e3o no sistema el\u00e9trico da ETA Guandu na quinta"},"content":{"rendered":"<div id=\"fb-root\"><\/div>\n\n<p><em>Esta\u00e7\u00e3o vai operar com 65% da capacidade durante o servi\u00e7o<\/em><\/p>\n\n\n\n<p>A Cedae vai realizar, nesta quinta-feira (9\/5), das 9h \u00e0s 18h, manuten\u00e7\u00e3o preventiva no sistema el\u00e9trico dos motores da Esta\u00e7\u00e3o de Tratamento de \u00c1gua (ETA) Guandu, em Nova Igua\u00e7u.<\/p>\n\n\n\n<p>Durante o per\u00edodo do servi\u00e7o, a unidade ir\u00e1 operar com 65% da capacidade. A opera\u00e7\u00e3o da ETA Guandu ser\u00e1 retomada de forma gradativa logo ap\u00f3s a conclus\u00e3o da manuten\u00e7\u00e3o.A distribui\u00e7\u00e3o de \u00e1gua nas localidades atendidas \u00e9 de responsabilidade das concession\u00e1rias \u00c1guas do Rio, Igu\u00e1 e Rio+Saneamento, de acordo com as respectivas \u00e1reas de atua\u00e7\u00e3o.<\/p>\n","protected":false},"excerpt":{"rendered":"<p>Esta\u00e7\u00e3o vai operar com 65% da capacidade durante o servi\u00e7o A Cedae vai realizar, nesta quinta-feira (9\/5), das 9h \u00e0s 18h, manuten\u00e7\u00e3o preventiva no sistema el\u00e9trico dos motores da Esta\u00e7\u00e3o de Tratamento de \u00c1gua (ETA) Guandu, em Nova Igua\u00e7u. Durante o per\u00edodo do servi\u00e7o, a unidade ir\u00e1 operar com 65% da capacidade. A opera\u00e7\u00e3o da ETA Guandu ser\u00e1 retomada de forma gradativa logo ap\u00f3s a conclus\u00e3o da manuten\u00e7\u00e3o.A distribui\u00e7\u00e3o de \u00e1gua nas localidades atendidas \u00e9 de responsabilidade das concession\u00e1rias \u00c1guas do Rio, Igu\u00e1 e Rio+Saneamento, de acordo com as respectivas \u00e1reas de atua\u00e7\u00e3o.<\/p>\n","protected":false},"author":3,"featured_media":130042,"comment_status":"open","ping_status":"open","sticky":false,"template":"","format":"standard","meta":{"_seopress_robots_primary_cat":"","_seopress_titles_title":"","_seopress_titles_desc":"","_seopress_robots_index":"","footnotes":""},"categories":[13],"tags":[],"class_list":["post-171580","post","type-post","status-publish","format-standard","has-post-thumbnail","hentry","category-baixada"],"_links":{"self":[{"href":"https:\/\/jornalhoje.inf.br\/wp\/wp-json\/wp\/v2\/posts\/171580","targetHints":{"allow":["GET"]}}],"collection":[{"href":"https:\/\/jornalhoje.inf.br\/wp\/wp-json\/wp\/v2\/posts"}],"about":[{"href":"https:\/\/jornalhoje.inf.br\/wp\/wp-json\/wp\/v2\/types\/post"}],"author":[{"embeddable":true,"href":"https:\/\/jornalhoje.inf.br\/wp\/wp-json\/wp\/v2\/users\/3"}],"replies":[{"embeddable":true,"href":"https:\/\/jornalhoje.inf.br\/wp\/wp-json\/wp\/v2\/comments?post=171580"}],"version-history":[{"count":3,"href":"https:\/\/jornalhoje.inf.br\/wp\/wp-json\/wp\/v2\/posts\/171580\/revisions"}],"predecessor-version":[{"id":171583,"href":"https:\/\/jornalhoje.inf.br\/wp\/wp-json\/wp\/v2\/posts\/171580\/revisions\/171583"}],"wp:featuredmedia":[{"embeddable":true,"href":"https:\/\/jornalhoje.inf.br\/wp\/wp-json\/wp\/v2\/media\/130042"}],"wp:attachment":[{"href":"https:\/\/jornalhoje.inf.br\/wp\/wp-json\/wp\/v2\/media?parent=171580"}],"wp:term":[{"taxonomy":"category","embeddable":true,"href":"https:\/\/jornalhoje.inf.br\/wp\/wp-json\/wp\/v2\/categories?post=171580"},{"taxonomy":"post_tag","embeddable":true,"href":"https:\/\/jornalhoje.inf.br\/wp\/wp-json\/wp\/v2\/tags?post=171580"}],"curies":[{"name":"wp","href":"https:\/\/api.w.org\/{rel}","templated":true}]}}