{"id":171826,"date":"2024-05-10T09:50:00","date_gmt":"2024-05-10T12:50:00","guid":{"rendered":"https:\/\/jornalhoje.inf.br\/wp\/?p=171826"},"modified":"2024-05-10T14:09:10","modified_gmt":"2024-05-10T17:09:10","slug":"inflacao-oficial-fica-em-038-em-abril-deste-ano","status":"publish","type":"post","link":"https:\/\/jornalhoje.inf.br\/wp\/inflacao-oficial-fica-em-038-em-abril-deste-ano\/","title":{"rendered":"Infla\u00e7\u00e3o oficial fica em 0,38% em abril deste ano"},"content":{"rendered":"<div id=\"fb-root\"><\/div>\n\n<p>O \u00cdndice Nacional de Pre\u00e7os ao Consumidor Amplo (IPCA), que mede a infla\u00e7\u00e3o oficial no pa\u00eds, registrou taxa de 0,38% em abril deste ano. O indicador ficou acima do observado no m\u00eas anterior (0,16%), mas abaixo do apurado em abril do ano passado (0,61%).<img decoding=\"async\" src=\"https:\/\/agenciabrasil.ebc.com.br\/ebc.png?id=1594421&amp;o=node\"><img decoding=\"async\" src=\"https:\/\/agenciabrasil.ebc.com.br\/ebc.gif?id=1594421&amp;o=node\"><\/p>\n\n\n\n<p>Segundo dados divulgados nesta sexta-feira (10)&nbsp;pelo Instituto Brasileiro de Geografia e Estat\u00edstica (IBGE), o IPCA acumula taxa de infla\u00e7\u00e3o de 1,8% no ano. Em 12 meses, a taxa acumulada \u00e9 de 3,69%, abaixo dos 3,93% acumulados at\u00e9 mar\u00e7o e dentro do limite de meta definido pelo Conselho Monet\u00e1rio Nacional (CMN) para este ano: entre 1,5% e 4,5%.<\/p>\n\n\n\n<p>Os principais respons\u00e1veis pela infla\u00e7\u00e3o de abril foram os alimentos e os gastos com sa\u00fade e cuidados pessoais. O grupo de despesas alimenta\u00e7\u00e3o e bebidas registrou alta de pre\u00e7os de 0,7% no m\u00eas, puxada por itens como mam\u00e3o (22,76%), cebola (15,63%), tomate (14,09%) e caf\u00e9 mo\u00eddo (3,08%).<\/p>\n\n\n\n<p>Sa\u00fade e cuidados pessoais, grupo que teve eleva\u00e7\u00e3o de pre\u00e7os de 1,16%, os itens com maior destaque foram os produtos farmac\u00eauticos (com alta de 2,84%), impactados pela autoriza\u00e7\u00e3o de reajuste de at\u00e9 4,5% nos pre\u00e7os dos medicamentos a partir de 31 de mar\u00e7o.<\/p>\n\n\n\n<p>Entre os medicamentos com maiores altas de pre\u00e7o est\u00e3o os antidiab\u00e9ticos (4,19%), os anti-infecciosos e antibi\u00f3ticos (3,49%) e os hipotensores e hipocolesterol\u00eamicos (3,34%).<\/p>\n\n\n\n<p>Por outro lado, os artigos de resid\u00eancia e habita\u00e7\u00e3o tiveram defla\u00e7\u00e3o (queda de pre\u00e7os) no m\u00eas, de 0,26% e 0,01%, respectivamente.<\/p>\n\n\n\n<p>Os demais grupos de despesas apresentaram as seguintes taxas de infla\u00e7\u00e3o: vestu\u00e1rio (0,55%), comunica\u00e7\u00e3o (0,48%), transportes (0,14%), despesas pessoais (0,10%) e educa\u00e7\u00e3o (0,05%).<\/p>\n\n\n\n<p>Edi\u00e7\u00e3o: Gra\u00e7a Adjuto &#8211; Vitor Abdala &#8211; Ag\u00eancia Brasil <\/p>\n","protected":false},"excerpt":{"rendered":"<p>O \u00cdndice Nacional de Pre\u00e7os ao Consumidor Amplo (IPCA), que mede a infla\u00e7\u00e3o oficial no pa\u00eds, registrou taxa de 0,38% em abril deste ano. O indicador ficou acima do observado no m\u00eas anterior (0,16%), mas abaixo do apurado em abril do ano passado (0,61%). Segundo dados divulgados nesta sexta-feira (10)&nbsp;pelo Instituto Brasileiro de Geografia e Estat\u00edstica (IBGE), o IPCA acumula taxa de infla\u00e7\u00e3o de 1,8% no ano. Em 12 meses, a taxa acumulada \u00e9 de 3,69%, abaixo dos 3,93% acumulados at\u00e9 mar\u00e7o e dentro do limite de meta definido pelo Conselho Monet\u00e1rio Nacional (CMN) para este ano: entre 1,5% e 4,5%. Os principais respons\u00e1veis pela infla\u00e7\u00e3o de abril foram os alimentos e os gastos com sa\u00fade e cuidados pessoais. O grupo de despesas alimenta\u00e7\u00e3o e bebidas registrou alta de pre\u00e7os de 0,7% no m\u00eas, puxada por itens como mam\u00e3o (22,76%), cebola (15,63%), tomate (14,09%) e caf\u00e9 mo\u00eddo (3,08%). Sa\u00fade e cuidados pessoais, grupo que teve eleva\u00e7\u00e3o de pre\u00e7os de 1,16%, os itens com maior destaque foram os produtos farmac\u00eauticos (com alta de 2,84%), impactados pela autoriza\u00e7\u00e3o de reajuste de at\u00e9 4,5% nos pre\u00e7os dos medicamentos a partir de 31 de mar\u00e7o. Entre os medicamentos com maiores altas de pre\u00e7o est\u00e3o os antidiab\u00e9ticos (4,19%), os anti-infecciosos e antibi\u00f3ticos (3,49%) e os hipotensores e hipocolesterol\u00eamicos (3,34%). Por outro lado, os artigos de resid\u00eancia e habita\u00e7\u00e3o tiveram defla\u00e7\u00e3o (queda de pre\u00e7os) no m\u00eas, de 0,26% e 0,01%, respectivamente. Os demais grupos de despesas apresentaram as seguintes taxas de infla\u00e7\u00e3o: vestu\u00e1rio (0,55%), comunica\u00e7\u00e3o (0,48%), transportes (0,14%), despesas pessoais (0,10%) e educa\u00e7\u00e3o (0,05%). Edi\u00e7\u00e3o: Gra\u00e7a Adjuto &#8211; Vitor Abdala &#8211; Ag\u00eancia Brasil<\/p>\n","protected":false},"author":3,"featured_media":0,"comment_status":"open","ping_status":"open","sticky":false,"template":"","format":"standard","meta":{"_seopress_robots_primary_cat":"","_seopress_titles_title":"","_seopress_titles_desc":"","_seopress_robots_index":"","footnotes":""},"categories":[15],"tags":[],"class_list":["post-171826","post","type-post","status-publish","format-standard","hentry","category-economia"],"_links":{"self":[{"href":"https:\/\/jornalhoje.inf.br\/wp\/wp-json\/wp\/v2\/posts\/171826","targetHints":{"allow":["GET"]}}],"collection":[{"href":"https:\/\/jornalhoje.inf.br\/wp\/wp-json\/wp\/v2\/posts"}],"about":[{"href":"https:\/\/jornalhoje.inf.br\/wp\/wp-json\/wp\/v2\/types\/post"}],"author":[{"embeddable":true,"href":"https:\/\/jornalhoje.inf.br\/wp\/wp-json\/wp\/v2\/users\/3"}],"replies":[{"embeddable":true,"href":"https:\/\/jornalhoje.inf.br\/wp\/wp-json\/wp\/v2\/comments?post=171826"}],"version-history":[{"count":1,"href":"https:\/\/jornalhoje.inf.br\/wp\/wp-json\/wp\/v2\/posts\/171826\/revisions"}],"predecessor-version":[{"id":171827,"href":"https:\/\/jornalhoje.inf.br\/wp\/wp-json\/wp\/v2\/posts\/171826\/revisions\/171827"}],"wp:attachment":[{"href":"https:\/\/jornalhoje.inf.br\/wp\/wp-json\/wp\/v2\/media?parent=171826"}],"wp:term":[{"taxonomy":"category","embeddable":true,"href":"https:\/\/jornalhoje.inf.br\/wp\/wp-json\/wp\/v2\/categories?post=171826"},{"taxonomy":"post_tag","embeddable":true,"href":"https:\/\/jornalhoje.inf.br\/wp\/wp-json\/wp\/v2\/tags?post=171826"}],"curies":[{"name":"wp","href":"https:\/\/api.w.org\/{rel}","templated":true}]}}