{"id":198945,"date":"2025-05-14T09:36:59","date_gmt":"2025-05-14T12:36:59","guid":{"rendered":"https:\/\/jornalhoje.inf.br\/wp\/?p=198945"},"modified":"2025-05-14T09:37:01","modified_gmt":"2025-05-14T12:37:01","slug":"renault-amplia-o-design-center-latam","status":"publish","type":"post","link":"https:\/\/jornalhoje.inf.br\/wp\/renault-amplia-o-design-center-latam\/","title":{"rendered":"Renault amplia o Design Center Latam"},"content":{"rendered":"<div id=\"fb-root\"><\/div>\n\n<p>Como parte de sua estrat\u00e9gia internacional, em outubro de 2023 a Renault inaugurou o Renault Design Center Latam (RDCL) no Complexo Ayrton Senna, em S\u00e3o Jos\u00e9 dos Pinhais (PR). Agora, o Centro de Design passou por uma transforma\u00e7\u00e3o, com a amplia\u00e7\u00e3o da estrutura chegando a 2.440 m<sup>2<\/sup>, o dobro do tamanho anterior.<\/p>\n\n\n\n<p>A inaugura\u00e7\u00e3o das novas instala\u00e7\u00f5es contou com a presen\u00e7a de Laurens van den Acker, Chief Design Officer do Renault Group e Luiz Fernando Pedrucci, SVP, CEO Renault Am\u00e9rica Latina.<\/p>\n\n\n\n<p>&#8220;O Renault Design Center Latam \u00e9 parte da nossa fam\u00edlia de est\u00fadios de design do Renault Group, tendo um papel fundamental para o International Game Plan 2027, o plano estrat\u00e9gico da marca Renault para os mercados internacionais. Com a nova estrutura, o RDCL tamb\u00e9m ampliar\u00e1 sua capacidade criativa e de desenvolvimento de modelos e conceitos personalizados, contribuindo tamb\u00e9m para os projetos globais do Renault Group &#8220;, afirma Laurens van den Acker, Chief Design Officer do Renault Group.<\/p>\n\n\n\n<p><strong>O novo espa\u00e7o tem instala\u00e7\u00f5es de \u00faltima gera\u00e7\u00e3o para o desenvolvimento de modelos para o mercado latino-americano, al\u00e9m de projetos globais:<\/strong><\/p>\n\n\n\n<ul class=\"wp-block-list\">\n<li><strong>Amplia\u00e7\u00e3o do showroom com novo painel de LED de alta resolu\u00e7\u00e3o<\/strong>, integrado ao showroom, este enorme display de LED de 15 m x 3 m, tr\u00eas vezes maior que o anterior, representa o estado da arte em suporte para o trabalho visual, possuindo a mesma dimens\u00e3o da utilizada no showroom principal do Design Center Renault na Fran\u00e7a permitindo assim uma perfeita sincroniza\u00e7\u00e3o de imagens, v\u00eddeos e apresenta\u00e7\u00f5es simult\u00e2neas entre a Am\u00e9rica Latina e Europa. Esta grande tela tamb\u00e9m permite visualizar uma gama de ve\u00edculos em escala real 1:1, otimizando tempo e performance para o desenvolvimento criativo do design, al\u00e9m da fase de detalhamento e modelagem 3D.<\/li>\n\n\n\n<li><strong>Amplia\u00e7\u00e3o do atelier para modelagem manual em Clay e execu\u00e7\u00e3o de prot\u00f3tipos<\/strong>, permite trabalhar com at\u00e9 quatro novos projetos simult\u00e2neos, utilizando-se de todo suporte de ferramentas, equipamentos tridimensionais e dispositivos para a modelagem criativa e industrial, ampliando a atua\u00e7\u00e3o da fase criativa e industrial no desenvolvimento do in\u00edcio ao fim do design de um novo ve\u00edculo.<\/li>\n\n\n\n<li><strong>Novo atelier de cores, materiais, acabamentos e valida\u00e7\u00e3o industrial <\/strong>possuindo um grande espa\u00e7o para a conceitua\u00e7\u00e3o e cria\u00e7\u00e3o do design de cores, acabamentos e materiais aplicados no ve\u00edculo, inaugurando a implanta\u00e7\u00e3o de uma nova cabine de luz para an\u00e1lise de materiais, amostras de cores, texturas e novos padr\u00f5es, \u00e9 poss\u00edvel simular a visualiza\u00e7\u00e3o das diversas condi\u00e7\u00f5es de luz e ambiente externo e interno do ve\u00edculo. \u00c9 tamb\u00e9m uma estrutura completa para o desenvolvimento da fase industrial do design junto \u00e0s \u00e1reas de fabrica\u00e7\u00e3o e engenharia, al\u00e9m da homologa\u00e7\u00e3o dos elementos de design junto aos fornecedores de autope\u00e7as.<\/li>\n\n\n\n<li><strong>Novos escrit\u00f3rios,<\/strong> que permitem o trabalho \u00e1gil, colaborativo e integrado de todas as fun\u00e7\u00f5es do RDCL, composta por 23 profissionais. Desde o design criativo, design de cores e materiais, realidade virtual, design gr\u00e1fico, modelagem 3D e a gest\u00e3o dos projetos de design. O conceito \u201cinteractive open space\u201d estimula a inova\u00e7\u00e3o e facilita a r\u00e1pida intera\u00e7\u00e3o dos membros da equipe atrav\u00e9s de um espa\u00e7o aberto integrado a um lounge circular para reuni\u00f5es e apresenta\u00e7\u00f5es r\u00e1pidas entre as equipes. Essa estrutura permite um ambiente acolhedor e focado no bem-estar das pessoas.<\/li>\n<\/ul>\n\n\n\n<p><strong>Al\u00e9m das \u00e1reas que foram criadas e ampliadas, o RDCL mant\u00e9m a sala imersiva digital e o showroom externo:<\/strong><\/p>\n\n\n\n<ul class=\"wp-block-list\">\n<li><strong>Sala imersiva digital,<\/strong> recebeu novos \u00f3culos de realidade virtual, mais modernos e com maior desempenho para c\u00e1lculos e visualiza\u00e7\u00f5es tridimensionais em diversos tipos de ambientes internos e externos, permitindo que equipes simulem e refinem seus conceitos em tempo real. As equipes de design de todo o mundo podem trabalhar colaborativamente em tempo real utilizando esta tecnologia.<\/li>\n\n\n\n<li><strong>Showroom externo, <\/strong>com 500 m<sup>2<\/sup> de \u00e1rea externa com isolamento confidencial, onde \u00e9 poss\u00edvel analisar modelos e prot\u00f3tipos \u00e0 luz natural em diversas condi\u00e7\u00f5es, visualizando com maior dist\u00e2ncia um prot\u00f3tipo ou ve\u00edculo, para melhor entendimento dos seus volumes e propor\u00e7\u00f5es em situa\u00e7\u00f5es reais do ponto de vista do cliente. Este espa\u00e7o tamb\u00e9m \u00e9 fundamental para avalia\u00e7\u00e3o de prot\u00f3tipos e pe\u00e7as na fase industrial do design, sendo um dos poucos est\u00fadios de design na Am\u00e9rica Latina que possuem este tipo de showroom elaborado por um p\u00e1tio \u00e0 c\u00e9u aberto.<\/li>\n<\/ul>\n\n\n\n<p>\u201cSeguimos investindo na Am\u00e9rica Latina e a amplia\u00e7\u00e3o da estrutura do RDCL nos permite ter mais capacidade para o desenvolvimento de novos produtos em um centro altamente tecnol\u00f3gico e alinhado aos mais altos padr\u00f5es da marca Renault\u201d, destaca Luiz Fernando Pedrucci, SVP, CEO Renault Am\u00e9rica Latina.<\/p>\n\n\n\n<p>No RDCL, \u00e9 poss\u00edvel acompanhar todas as etapas do desenvolvimento de um novo produto. As equipes trabalham desde a g\u00eanese do produto, a fase criativa e conceitual do modelo, passando por sketches do design interno e externo, design de cores, materiais e acabamentos, modelagem 3D, CGI (imagens geradas por computador), bem como prot\u00f3tipos f\u00edsicos, at\u00e9 a fase de design industrial, que contempla os padr\u00f5es para produ\u00e7\u00e3o em s\u00e9rie e a qualidade da execu\u00e7\u00e3o do design.<\/p>\n\n\n\n<p>Como diferencial o RDCL tamb\u00e9m possui a capacidade de apoiar os projetos visuais e campanhas de marketing e comunica\u00e7\u00e3o. E utilizando de sua proximidade da regi\u00e3o da Borda do Campo (PR), criou a linha de acess\u00f3rios \u201cKardian Collection\u201d desenvolvida em parceria com o projeto social Borda Viva, apoiado pelo Instituto Renault, com a aplica\u00e7\u00e3o da economia circular a partir da reutiliza\u00e7\u00e3o de revestimentos automotivos.<\/p>\n\n\n\n<p>A equipe do RDCL \u00e9 composta por 23 profissionais e foi a respons\u00e1vel pelo desenvolvimento do Kardian, modelo lan\u00e7ado no Brasil em 2024 e que inaugurou a nova identidade visual da marca nos ve\u00edculos produzidos no pa\u00eds. O time tamb\u00e9m concebeu o concept car Niagara, modelo que traz a futura identidade visual da marca, com um design extremamente moderno e disruptivo, tendo linhas robustas e ao mesmo tempo refinadas, baseada na nova plataforma modular do Renault Group (RGMP).<\/p>\n\n\n\n<p>A equipe de designers brasileiros desenvolveu o design do Boreal, o novo SUV de alta tecnologia, projetado para o Brasil e demais pa\u00edses da Am\u00e9rica Latina, que alcan\u00e7ar\u00e1 progressivamente mais de 70 pa\u00edses.<\/p>\n\n\n\n<p>\u201cCom a amplia\u00e7\u00e3o na estrutura, aliado ao uso de equipamentos de alta tecnologia e aos mais avan\u00e7ados sistemas adotados pela Renault no mundo, nossos designers contribuir\u00e3o ainda mais com o desenvolvimento criativo dos ve\u00edculos Renault do futuro para a Am\u00e9rica Latina e para o mundo\u201d, explica Daniel Nozaki, diretor de Design Renault Am\u00e9rica Latina.<\/p>\n\n\n\n<p><em><strong>Fonte: Sala de Imprensa | Renault do Brasil<\/strong><\/em><\/p>\n","protected":false},"excerpt":{"rendered":"<p>Como parte de sua estrat\u00e9gia internacional, em outubro de 2023 a Renault inaugurou o Renault Design Center Latam (RDCL) no Complexo Ayrton Senna, em S\u00e3o Jos\u00e9 dos Pinhais (PR). Agora, o Centro de Design passou por uma transforma\u00e7\u00e3o, com a amplia\u00e7\u00e3o da estrutura chegando a 2.440 m2, o dobro do tamanho anterior. A inaugura\u00e7\u00e3o das novas instala\u00e7\u00f5es contou com a presen\u00e7a de Laurens van den Acker, Chief Design Officer do Renault Group e Luiz Fernando Pedrucci, SVP, CEO Renault Am\u00e9rica Latina. &#8220;O Renault Design Center Latam \u00e9 parte da nossa fam\u00edlia de est\u00fadios de design do Renault Group, tendo um papel fundamental para o International Game Plan 2027, o plano estrat\u00e9gico da marca Renault para os mercados internacionais. Com a nova estrutura, o RDCL tamb\u00e9m ampliar\u00e1 sua capacidade criativa e de desenvolvimento de modelos e conceitos personalizados, contribuindo tamb\u00e9m para os projetos globais do Renault Group &#8220;, afirma Laurens van den Acker, Chief Design Officer do Renault Group. O novo espa\u00e7o tem instala\u00e7\u00f5es de \u00faltima gera\u00e7\u00e3o para o desenvolvimento de modelos para o mercado latino-americano, al\u00e9m de projetos globais: Al\u00e9m das \u00e1reas que foram criadas e ampliadas, o RDCL mant\u00e9m a sala imersiva digital e o showroom externo: \u201cSeguimos investindo na Am\u00e9rica Latina e a amplia\u00e7\u00e3o da estrutura do RDCL nos permite ter mais capacidade para o desenvolvimento de novos produtos em um centro altamente tecnol\u00f3gico e alinhado aos mais altos padr\u00f5es da marca Renault\u201d, destaca Luiz Fernando Pedrucci, SVP, CEO Renault Am\u00e9rica Latina. No RDCL, \u00e9 poss\u00edvel acompanhar todas as etapas do desenvolvimento de um novo produto. As equipes trabalham desde a g\u00eanese do produto, a fase criativa e conceitual do modelo, passando por sketches do design interno e externo, design de cores, materiais e acabamentos, modelagem 3D, CGI (imagens geradas por computador), bem como prot\u00f3tipos f\u00edsicos, at\u00e9 a fase de design industrial, que contempla os padr\u00f5es para produ\u00e7\u00e3o em s\u00e9rie e a qualidade da execu\u00e7\u00e3o do design. Como diferencial o RDCL tamb\u00e9m possui a capacidade de apoiar os projetos visuais e campanhas de marketing e comunica\u00e7\u00e3o. E utilizando de sua proximidade da regi\u00e3o da Borda do Campo (PR), criou a linha de acess\u00f3rios \u201cKardian Collection\u201d desenvolvida em parceria com o projeto social Borda Viva, apoiado pelo Instituto Renault, com a aplica\u00e7\u00e3o da economia circular a partir da reutiliza\u00e7\u00e3o de revestimentos automotivos. A equipe do RDCL \u00e9 composta por 23 profissionais e foi a respons\u00e1vel pelo desenvolvimento do Kardian, modelo lan\u00e7ado no Brasil em 2024 e que inaugurou a nova identidade visual da marca nos ve\u00edculos produzidos no pa\u00eds. O time tamb\u00e9m concebeu o concept car Niagara, modelo que traz a futura identidade visual da marca, com um design extremamente moderno e disruptivo, tendo linhas robustas e ao mesmo tempo refinadas, baseada na nova plataforma modular do Renault Group (RGMP). A equipe de designers brasileiros desenvolveu o design do Boreal, o novo SUV de alta tecnologia, projetado para o Brasil e demais pa\u00edses da Am\u00e9rica Latina, que alcan\u00e7ar\u00e1 progressivamente mais de 70 pa\u00edses. \u201cCom a amplia\u00e7\u00e3o na estrutura, aliado ao uso de equipamentos de alta tecnologia e aos mais avan\u00e7ados sistemas adotados pela Renault no mundo, nossos designers contribuir\u00e3o ainda mais com o desenvolvimento criativo dos ve\u00edculos Renault do futuro para a Am\u00e9rica Latina e para o mundo\u201d, explica Daniel Nozaki, diretor de Design Renault Am\u00e9rica Latina. Fonte: Sala de Imprensa | Renault do Brasil<\/p>\n","protected":false},"author":17,"featured_media":198948,"comment_status":"open","ping_status":"open","sticky":false,"template":"","format":"standard","meta":{"_seopress_robots_primary_cat":"none","_seopress_titles_title":"","_seopress_titles_desc":"","_seopress_robots_index":"","footnotes":""},"categories":[7],"tags":[2695],"class_list":["post-198945","post","type-post","status-publish","format-standard","has-post-thumbnail","hentry","category-veiculos","tag-renault-amplia-o-design-center-latam"],"_links":{"self":[{"href":"https:\/\/jornalhoje.inf.br\/wp\/wp-json\/wp\/v2\/posts\/198945","targetHints":{"allow":["GET"]}}],"collection":[{"href":"https:\/\/jornalhoje.inf.br\/wp\/wp-json\/wp\/v2\/posts"}],"about":[{"href":"https:\/\/jornalhoje.inf.br\/wp\/wp-json\/wp\/v2\/types\/post"}],"author":[{"embeddable":true,"href":"https:\/\/jornalhoje.inf.br\/wp\/wp-json\/wp\/v2\/users\/17"}],"replies":[{"embeddable":true,"href":"https:\/\/jornalhoje.inf.br\/wp\/wp-json\/wp\/v2\/comments?post=198945"}],"version-history":[{"count":1,"href":"https:\/\/jornalhoje.inf.br\/wp\/wp-json\/wp\/v2\/posts\/198945\/revisions"}],"predecessor-version":[{"id":198949,"href":"https:\/\/jornalhoje.inf.br\/wp\/wp-json\/wp\/v2\/posts\/198945\/revisions\/198949"}],"wp:featuredmedia":[{"embeddable":true,"href":"https:\/\/jornalhoje.inf.br\/wp\/wp-json\/wp\/v2\/media\/198948"}],"wp:attachment":[{"href":"https:\/\/jornalhoje.inf.br\/wp\/wp-json\/wp\/v2\/media?parent=198945"}],"wp:term":[{"taxonomy":"category","embeddable":true,"href":"https:\/\/jornalhoje.inf.br\/wp\/wp-json\/wp\/v2\/categories?post=198945"},{"taxonomy":"post_tag","embeddable":true,"href":"https:\/\/jornalhoje.inf.br\/wp\/wp-json\/wp\/v2\/tags?post=198945"}],"curies":[{"name":"wp","href":"https:\/\/api.w.org\/{rel}","templated":true}]}}