{"id":238380,"date":"2026-08-31T15:28:49","date_gmt":"2026-08-31T18:28:49","guid":{"rendered":"https:\/\/jornalhoje.inf.br\/wp\/?p=238380"},"modified":"2026-08-31T15:28:49","modified_gmt":"2026-08-31T18:28:49","slug":"tse-suspende-propaganda-de-renan-santos-na-internet","status":"publish","type":"post","link":"https:\/\/jornalhoje.inf.br\/wp\/tse-suspende-propaganda-de-renan-santos-na-internet\/","title":{"rendered":"TSE suspende propaganda de Renan Santos na internet"},"content":{"rendered":"<div id=\"fb-root\"><\/div>\n\n<p><strong>Ministro tamb\u00e9m pro\u00edbe candidato de participar de debates<\/strong>  &#8211;  O ministro Dias Toffoli, do Tribunal Superior Eleitoral (TSE), <strong>decidiu<\/strong> nesta segunda-feira (31) suspender a propaganda eleitoral do candidato \u00e0 Presid\u00eancia da Rep\u00fablica Renan Santos (Miss\u00e3o) na internet.<img decoding=\"async\" src=\"https:\/\/agenciabrasil.ebc.com.br\/ebc.png?id=1701113&amp;o=node\"><img decoding=\"async\" src=\"https:\/\/agenciabrasil.ebc.com.br\/ebc.gif?id=1701113&amp;o=node\"><\/p>\n\n\n\n<p>Toffoli tamb\u00e9m determinou a suspens\u00e3o dos repasses do Fundo Especial de Financiamento de Campanha (FEFC) para o candidato e&nbsp;<strong>o proibiu de participar de debates que forem realizados em televis\u00e3o, r\u00e1dio e&nbsp;<em>podcasts<\/em>.<\/strong><\/p>\n\n\n\n<p>A decis\u00e3o do ministro ter\u00e1 validade at\u00e9 a decis\u00e3o final do TSE sobre o caso.<\/p>\n\n\n\n<p>Segundo Toffoli, o partido Miss\u00e3o deixou de informar \u00e0 Justi\u00e7a Eleitoral perfis de propaganda do candidato nas redes sociais.\u00a0<\/p>\n\n\n\n<p>Na decis\u00e3o, o ministro pontuou que 12 dos 16 perfis ligados ao candidato nas redes sociais foram informados ao TSE ap\u00f3s o per\u00edodo de registro de candidatura.<\/p>\n\n\n\n<blockquote class=\"wp-block-quote is-layout-flow wp-block-quote-is-layout-flow\">\n<p>&#8220;Em simples consulta ao primeiro deles, que conta com 2,4 milh\u00f5es de seguidores, constatei que o perfil veicula propaganda eleitoral, atrai recomenda\u00e7\u00f5es de outros candidatos (que, portanto, igualmente n\u00e3o informaram os endere\u00e7os \u00e0 Justi\u00e7a Eleitoral) e est\u00e1 sendo recomendado por esses candidatos&#8221;, afirmou o ministro.<\/p>\n<\/blockquote>\n\n\n\n<p>No entendimento de Toffoli, os perfis que n\u00e3o foram informados est\u00e3o em situa\u00e7\u00e3o irregular.&nbsp;<strong>&nbsp;&#8220;Constata-se que ao menos um perfil est\u00e1 em utiliza\u00e7\u00e3o irregular para difus\u00e3o de conte\u00fado a milh\u00f5es de seguidores e com favorecimento pelos algoritmos de recomenda\u00e7\u00e3o&#8221;, afirmou.<\/strong><\/p>\n\n\n\n<p>De acordo com a Lei das Elei\u00e7\u00f5es, partidos e candidatos devem informar \u00e0 Justi\u00e7a Eleitoral os endere\u00e7os eletr\u00f4nicos que ser\u00e3o usados na campanha, incluindo&nbsp;<em>blogs<\/em>&nbsp;e redes sociais.<\/p>\n\n\n\n<p>Ap\u00f3s a decis\u00e3o do TSE, <strong>Renan marcou uma coletiva de imprensa<\/strong> para se pronunciar sobre a suspens\u00e3o da propaganda. A entrevista ser\u00e1 \u00e0s 17h, em S\u00e3o Paulo.   &#8211;   <em>Andre Richter &#8211; Ag\u00eancia Brasil<\/em><\/p>\n","protected":false},"excerpt":{"rendered":"<p>Ministro tamb\u00e9m pro\u00edbe candidato de participar de debates &#8211; O ministro Dias Toffoli, do Tribunal Superior Eleitoral (TSE), decidiu nesta segunda-feira (31) suspender a propaganda eleitoral do candidato \u00e0 Presid\u00eancia da Rep\u00fablica Renan Santos (Miss\u00e3o) na internet. Toffoli tamb\u00e9m determinou a suspens\u00e3o dos repasses do Fundo Especial de Financiamento de Campanha (FEFC) para o candidato e&nbsp;o proibiu de participar de debates que forem realizados em televis\u00e3o, r\u00e1dio e&nbsp;podcasts. A decis\u00e3o do ministro ter\u00e1 validade at\u00e9 a decis\u00e3o final do TSE sobre o caso. Segundo Toffoli, o partido Miss\u00e3o deixou de informar \u00e0 Justi\u00e7a Eleitoral perfis de propaganda do candidato nas redes sociais.\u00a0 Na decis\u00e3o, o ministro pontuou que 12 dos 16 perfis ligados ao candidato nas redes sociais foram informados ao TSE ap\u00f3s o per\u00edodo de registro de candidatura. &#8220;Em simples consulta ao primeiro deles, que conta com 2,4 milh\u00f5es de seguidores, constatei que o perfil veicula propaganda eleitoral, atrai recomenda\u00e7\u00f5es de outros candidatos (que, portanto, igualmente n\u00e3o informaram os endere\u00e7os \u00e0 Justi\u00e7a Eleitoral) e est\u00e1 sendo recomendado por esses candidatos&#8221;, afirmou o ministro. No entendimento de Toffoli, os perfis que n\u00e3o foram informados est\u00e3o em situa\u00e7\u00e3o irregular.&nbsp;&nbsp;&#8220;Constata-se que ao menos um perfil est\u00e1 em utiliza\u00e7\u00e3o irregular para difus\u00e3o de conte\u00fado a milh\u00f5es de seguidores e com favorecimento pelos algoritmos de recomenda\u00e7\u00e3o&#8221;, afirmou. De acordo com a Lei das Elei\u00e7\u00f5es, partidos e candidatos devem informar \u00e0 Justi\u00e7a Eleitoral os endere\u00e7os eletr\u00f4nicos que ser\u00e3o usados na campanha, incluindo&nbsp;blogs&nbsp;e redes sociais. Ap\u00f3s a decis\u00e3o do TSE, Renan marcou uma coletiva de imprensa para se pronunciar sobre a suspens\u00e3o da propaganda. A entrevista ser\u00e1 \u00e0s 17h, em S\u00e3o Paulo. &#8211; Andre Richter &#8211; Ag\u00eancia Brasil<\/p>\n","protected":false},"author":3,"featured_media":160815,"comment_status":"open","ping_status":"open","sticky":false,"template":"","format":"standard","meta":{"_seopress_robots_primary_cat":"none","_seopress_titles_title":"","_seopress_titles_desc":"","_seopress_robots_index":"","footnotes":""},"categories":[995,14],"tags":[2150],"class_list":["post-238380","post","type-post","status-publish","format-standard","has-post-thumbnail","hentry","category-justica","category-politica","tag-destaque"],"_links":{"self":[{"href":"https:\/\/jornalhoje.inf.br\/wp\/wp-json\/wp\/v2\/posts\/238380","targetHints":{"allow":["GET"]}}],"collection":[{"href":"https:\/\/jornalhoje.inf.br\/wp\/wp-json\/wp\/v2\/posts"}],"about":[{"href":"https:\/\/jornalhoje.inf.br\/wp\/wp-json\/wp\/v2\/types\/post"}],"author":[{"embeddable":true,"href":"https:\/\/jornalhoje.inf.br\/wp\/wp-json\/wp\/v2\/users\/3"}],"replies":[{"embeddable":true,"href":"https:\/\/jornalhoje.inf.br\/wp\/wp-json\/wp\/v2\/comments?post=238380"}],"version-history":[{"count":1,"href":"https:\/\/jornalhoje.inf.br\/wp\/wp-json\/wp\/v2\/posts\/238380\/revisions"}],"predecessor-version":[{"id":238383,"href":"https:\/\/jornalhoje.inf.br\/wp\/wp-json\/wp\/v2\/posts\/238380\/revisions\/238383"}],"wp:featuredmedia":[{"embeddable":true,"href":"https:\/\/jornalhoje.inf.br\/wp\/wp-json\/wp\/v2\/media\/160815"}],"wp:attachment":[{"href":"https:\/\/jornalhoje.inf.br\/wp\/wp-json\/wp\/v2\/media?parent=238380"}],"wp:term":[{"taxonomy":"category","embeddable":true,"href":"https:\/\/jornalhoje.inf.br\/wp\/wp-json\/wp\/v2\/categories?post=238380"},{"taxonomy":"post_tag","embeddable":true,"href":"https:\/\/jornalhoje.inf.br\/wp\/wp-json\/wp\/v2\/tags?post=238380"}],"curies":[{"name":"wp","href":"https:\/\/api.w.org\/{rel}","templated":true}]}}