{"id":238491,"date":"2026-09-01T12:08:36","date_gmt":"2026-09-01T15:08:36","guid":{"rendered":"https:\/\/jornalhoje.inf.br\/wp\/?p=238491"},"modified":"2026-09-01T12:08:36","modified_gmt":"2026-09-01T15:08:36","slug":"encontro-no-mercure-prestacao-de-contas-e-novos-compromissos","status":"publish","type":"post","link":"https:\/\/jornalhoje.inf.br\/wp\/encontro-no-mercure-prestacao-de-contas-e-novos-compromissos\/","title":{"rendered":"Encontro no Mercure: presta\u00e7\u00e3o de contas e novos compromissos"},"content":{"rendered":"<div id=\"fb-root\"><\/div>\n\n<p><strong><em>Unidade em pol\u00edtica n\u00e3o \u00e9 sin\u00f4nimo de unidade<\/em><\/strong>  &#8211;  No dia 31 de agosto de 2026, realizou-se em nosso Munic\u00edpio, no Hotel Mercure, uma reuni\u00e3o pol\u00edtico-eleitoral que, pela sua dimens\u00e3o e pelo conte\u00fado das manifesta\u00e7\u00f5es, ultrapassou os limites de um simples encontro destinado \u00e0 mobiliza\u00e7\u00e3o eleitoral.<\/p>\n\n\n\n<p>Organizada por representantes dos setores empresarial e de servi\u00e7os, em torno do Deputado Federal Dr. Luizinho e de seu grupo pol\u00edtico, a reuni\u00e3o contou com a presen\u00e7a do Prefeito Dudu Reina, do ex-Prefeito Rog\u00e9rio Lisboa, do Presidente da C\u00e2mara, M\u00e1rcio Guerreiro, da maioria dos Vereadores, dos Deputados Estaduais Filipinho Raves e Carlinhos do BNH, al\u00e9m de diversos empres\u00e1rios e lideran\u00e7as pol\u00edticas e comunit\u00e1rias.<\/p>\n\n\n\n<p>Durante mais de duas horas, foram apresentados pronunciamentos que procuraram mostrar realiza\u00e7\u00f5es, projetos executados e resultados alcan\u00e7ados, ao mesmo tempo em que foram anunciadas novas iniciativas e compromissos para o futuro.<\/p>\n\n\n\n<p>O que se viu foi uma presta\u00e7\u00e3o de contas acompanhada de propostas. E, mais do que isso, a tentativa de demonstrar que a pol\u00edtica pode ser avaliada tamb\u00e9m pela sua capacidade de produzir resultados concretos para o Munic\u00edpio e para a regi\u00e3o.<\/p>\n\n\n\n<p>A reuni\u00e3o transcorreu em clima de otimismo, fato que merece registro diante da descren\u00e7a generalizada que hoje envolve a pol\u00edtica e os pol\u00edticos.<\/p>\n\n\n\n<p>Mas, para mim, o aspecto mais importante do encontro n\u00e3o estava propriamente nos discursos. Estava naquilo que se podia observar silenciosamente entre os participantes: a exist\u00eancia de uma unidade pol\u00edtica.<\/p>\n\n\n\n<p>E unidade, em pol\u00edtica, n\u00e3o significa unanimidade.<\/p>\n\n\n\n<p>Unanimidade \u00e9 rara e, muitas vezes, sequer \u00e9 desej\u00e1vel. A pol\u00edtica \u00e9 feita de diferen\u00e7as, opini\u00f5es, interesses e vis\u00f5es distintas. A verdadeira unidade nasce quando pessoas diferentes conseguem estabelecer objetivos comuns e trabalhar juntas para alcan\u00e7\u00e1-los.<\/p>\n\n\n\n<p>Foi exatamente essa impress\u00e3o que o encontro transmitiu.<\/p>\n\n\n\n<p>Um grupo pol\u00edtico unido, liderado pelo Dr. Luizinho e acompanhado pelo ex-Prefeito Rog\u00e9rio Lisboa, demonstrando capacidade de conviv\u00eancia com seus aliados, sem arrog\u00e2ncia ou prepot\u00eancia, procurando respeitar os espa\u00e7os de cada lideran\u00e7a e valorizar as contribui\u00e7\u00f5es individuais.<\/p>\n\n\n\n<p>Essa capacidade de reunir diferentes for\u00e7as em torno de objetivos comuns talvez seja uma das explica\u00e7\u00f5es para a presen\u00e7a expressiva de tantas lideran\u00e7as no encontro.<\/p>\n\n\n\n<p>Outro fato que chamou especialmente a aten\u00e7\u00e3o foi a participa\u00e7\u00e3o de um n\u00famero elevado de mulheres. \u00c9 uma presen\u00e7a que, comparada ao passado recente, revela uma mudan\u00e7a importante na composi\u00e7\u00e3o e na participa\u00e7\u00e3o pol\u00edtica do Munic\u00edpio.<\/p>\n\n\n\n<p>\u00c9 poss\u00edvel que a atua\u00e7\u00e3o da Vice-Prefeita Roberta Teixeira esteja contribuindo para estimular essa participa\u00e7\u00e3o feminina, criando novas refer\u00eancias e ampliando os espa\u00e7os ocupados pelas mulheres na pol\u00edtica municipal.<\/p>\n\n\n\n<p>O encontro poderia ter sido apenas mais uma reuni\u00e3o eleitoral. Poderia, at\u00e9 mesmo, ter se transformado em um ato meramente eleitoreiro. N\u00e3o foi o que se viu.<\/p>\n\n\n\n<p>Houve conte\u00fado pol\u00edtico, presta\u00e7\u00e3o de contas, apresenta\u00e7\u00e3o de realiza\u00e7\u00f5es, discuss\u00e3o de projetos e an\u00fancio de novos compromissos.<\/p>\n\n\n\n<p>E talvez esteja a\u00ed a principal mensagem daquele encontro: em tempos de descren\u00e7a, a pol\u00edtica precisa voltar a apresentar resultados; diante da desconfian\u00e7a, precisa prestar contas; e diante do futuro, precisa apresentar propostas.<\/p>\n\n\n\n<p>A unidade demonstrada naquele ambiente n\u00e3o eliminou diferen\u00e7as. Ao contr\u00e1rio, mostrou que \u00e9 poss\u00edvel conviver com elas e, ainda assim, construir uma dire\u00e7\u00e3o comum.<\/p>\n\n\n\n<p>\u00c9 essa capacidade de somar for\u00e7as, respeitar lideran\u00e7as e estabelecer objetivos comuns que pode transformar a unidade pol\u00edtica em instrumento de desenvolvimento e em acelerador de novas conquistas para o Munic\u00edpio e para a regi\u00e3o.<\/p>\n\n\n\n<p>Mais do que uma reuni\u00e3o eleitoral, o encontro no Mercure foi um cap\u00edtulo da nossa trajet\u00f3ria pol\u00edtica. Um cap\u00edtulo que merece ser registrado pelo que foi dito, pelo que foi apresentado e, principalmente, pelo que foi poss\u00edvel observar.<\/p>\n\n\n\n<p>Num momento de tanta descren\u00e7a, ver a pol\u00edtica reunindo pessoas em torno de realiza\u00e7\u00f5es, compromissos e perspectivas para o futuro \u00e9, sem d\u00favida, uma not\u00edcia que merece ser destacada.<\/p>\n\n\n\n<p>Valeu!<\/p>\n\n\n\n<p>Jorge Gama<br>Advogado e ex-Deputado Federal<\/p>\n","protected":false},"excerpt":{"rendered":"<p>Unidade em pol\u00edtica n\u00e3o \u00e9 sin\u00f4nimo de unidade &#8211; No dia 31 de agosto de 2026, realizou-se em nosso Munic\u00edpio, no Hotel Mercure, uma reuni\u00e3o pol\u00edtico-eleitoral que, pela sua dimens\u00e3o e pelo conte\u00fado das manifesta\u00e7\u00f5es, ultrapassou os limites de um simples encontro destinado \u00e0 mobiliza\u00e7\u00e3o eleitoral. Organizada por representantes dos setores empresarial e de servi\u00e7os, em torno do Deputado Federal Dr. Luizinho e de seu grupo pol\u00edtico, a reuni\u00e3o contou com a presen\u00e7a do Prefeito Dudu Reina, do ex-Prefeito Rog\u00e9rio Lisboa, do Presidente da C\u00e2mara, M\u00e1rcio Guerreiro, da maioria dos Vereadores, dos Deputados Estaduais Filipinho Raves e Carlinhos do BNH, al\u00e9m de diversos empres\u00e1rios e lideran\u00e7as pol\u00edticas e comunit\u00e1rias. Durante mais de duas horas, foram apresentados pronunciamentos que procuraram mostrar realiza\u00e7\u00f5es, projetos executados e resultados alcan\u00e7ados, ao mesmo tempo em que foram anunciadas novas iniciativas e compromissos para o futuro. O que se viu foi uma presta\u00e7\u00e3o de contas acompanhada de propostas. E, mais do que isso, a tentativa de demonstrar que a pol\u00edtica pode ser avaliada tamb\u00e9m pela sua capacidade de produzir resultados concretos para o Munic\u00edpio e para a regi\u00e3o. A reuni\u00e3o transcorreu em clima de otimismo, fato que merece registro diante da descren\u00e7a generalizada que hoje envolve a pol\u00edtica e os pol\u00edticos. Mas, para mim, o aspecto mais importante do encontro n\u00e3o estava propriamente nos discursos. Estava naquilo que se podia observar silenciosamente entre os participantes: a exist\u00eancia de uma unidade pol\u00edtica. E unidade, em pol\u00edtica, n\u00e3o significa unanimidade. Unanimidade \u00e9 rara e, muitas vezes, sequer \u00e9 desej\u00e1vel. A pol\u00edtica \u00e9 feita de diferen\u00e7as, opini\u00f5es, interesses e vis\u00f5es distintas. A verdadeira unidade nasce quando pessoas diferentes conseguem estabelecer objetivos comuns e trabalhar juntas para alcan\u00e7\u00e1-los. Foi exatamente essa impress\u00e3o que o encontro transmitiu. Um grupo pol\u00edtico unido, liderado pelo Dr. Luizinho e acompanhado pelo ex-Prefeito Rog\u00e9rio Lisboa, demonstrando capacidade de conviv\u00eancia com seus aliados, sem arrog\u00e2ncia ou prepot\u00eancia, procurando respeitar os espa\u00e7os de cada lideran\u00e7a e valorizar as contribui\u00e7\u00f5es individuais. Essa capacidade de reunir diferentes for\u00e7as em torno de objetivos comuns talvez seja uma das explica\u00e7\u00f5es para a presen\u00e7a expressiva de tantas lideran\u00e7as no encontro. Outro fato que chamou especialmente a aten\u00e7\u00e3o foi a participa\u00e7\u00e3o de um n\u00famero elevado de mulheres. \u00c9 uma presen\u00e7a que, comparada ao passado recente, revela uma mudan\u00e7a importante na composi\u00e7\u00e3o e na participa\u00e7\u00e3o pol\u00edtica do Munic\u00edpio. \u00c9 poss\u00edvel que a atua\u00e7\u00e3o da Vice-Prefeita Roberta Teixeira esteja contribuindo para estimular essa participa\u00e7\u00e3o feminina, criando novas refer\u00eancias e ampliando os espa\u00e7os ocupados pelas mulheres na pol\u00edtica municipal. O encontro poderia ter sido apenas mais uma reuni\u00e3o eleitoral. Poderia, at\u00e9 mesmo, ter se transformado em um ato meramente eleitoreiro. N\u00e3o foi o que se viu. Houve conte\u00fado pol\u00edtico, presta\u00e7\u00e3o de contas, apresenta\u00e7\u00e3o de realiza\u00e7\u00f5es, discuss\u00e3o de projetos e an\u00fancio de novos compromissos. E talvez esteja a\u00ed a principal mensagem daquele encontro: em tempos de descren\u00e7a, a pol\u00edtica precisa voltar a apresentar resultados; diante da desconfian\u00e7a, precisa prestar contas; e diante do futuro, precisa apresentar propostas. A unidade demonstrada naquele ambiente n\u00e3o eliminou diferen\u00e7as. Ao contr\u00e1rio, mostrou que \u00e9 poss\u00edvel conviver com elas e, ainda assim, construir uma dire\u00e7\u00e3o comum. \u00c9 essa capacidade de somar for\u00e7as, respeitar lideran\u00e7as e estabelecer objetivos comuns que pode transformar a unidade pol\u00edtica em instrumento de desenvolvimento e em acelerador de novas conquistas para o Munic\u00edpio e para a regi\u00e3o. Mais do que uma reuni\u00e3o eleitoral, o encontro no Mercure foi um cap\u00edtulo da nossa trajet\u00f3ria pol\u00edtica. Um cap\u00edtulo que merece ser registrado pelo que foi dito, pelo que foi apresentado e, principalmente, pelo que foi poss\u00edvel observar. Num momento de tanta descren\u00e7a, ver a pol\u00edtica reunindo pessoas em torno de realiza\u00e7\u00f5es, compromissos e perspectivas para o futuro \u00e9, sem d\u00favida, uma not\u00edcia que merece ser destacada. Valeu! Jorge GamaAdvogado e ex-Deputado Federal<\/p>\n","protected":false},"author":3,"featured_media":219621,"comment_status":"open","ping_status":"open","sticky":false,"template":"","format":"standard","meta":{"_seopress_robots_primary_cat":"none","_seopress_titles_title":"","_seopress_titles_desc":"","_seopress_robots_index":"","footnotes":""},"categories":[6],"tags":[],"class_list":["post-238491","post","type-post","status-publish","format-standard","has-post-thumbnail","hentry","category-artigos"],"_links":{"self":[{"href":"https:\/\/jornalhoje.inf.br\/wp\/wp-json\/wp\/v2\/posts\/238491","targetHints":{"allow":["GET"]}}],"collection":[{"href":"https:\/\/jornalhoje.inf.br\/wp\/wp-json\/wp\/v2\/posts"}],"about":[{"href":"https:\/\/jornalhoje.inf.br\/wp\/wp-json\/wp\/v2\/types\/post"}],"author":[{"embeddable":true,"href":"https:\/\/jornalhoje.inf.br\/wp\/wp-json\/wp\/v2\/users\/3"}],"replies":[{"embeddable":true,"href":"https:\/\/jornalhoje.inf.br\/wp\/wp-json\/wp\/v2\/comments?post=238491"}],"version-history":[{"count":1,"href":"https:\/\/jornalhoje.inf.br\/wp\/wp-json\/wp\/v2\/posts\/238491\/revisions"}],"predecessor-version":[{"id":238494,"href":"https:\/\/jornalhoje.inf.br\/wp\/wp-json\/wp\/v2\/posts\/238491\/revisions\/238494"}],"wp:featuredmedia":[{"embeddable":true,"href":"https:\/\/jornalhoje.inf.br\/wp\/wp-json\/wp\/v2\/media\/219621"}],"wp:attachment":[{"href":"https:\/\/jornalhoje.inf.br\/wp\/wp-json\/wp\/v2\/media?parent=238491"}],"wp:term":[{"taxonomy":"category","embeddable":true,"href":"https:\/\/jornalhoje.inf.br\/wp\/wp-json\/wp\/v2\/categories?post=238491"},{"taxonomy":"post_tag","embeddable":true,"href":"https:\/\/jornalhoje.inf.br\/wp\/wp-json\/wp\/v2\/tags?post=238491"}],"curies":[{"name":"wp","href":"https:\/\/api.w.org\/{rel}","templated":true}]}}