{"id":238495,"date":"2026-09-01T14:35:37","date_gmt":"2026-09-01T17:35:37","guid":{"rendered":"https:\/\/jornalhoje.inf.br\/wp\/?p=238495"},"modified":"2026-09-01T14:37:14","modified_gmt":"2026-09-01T17:37:14","slug":"moda-cultura-e-empreendedorismo-vem-ai-o-festival-caxias-fashion","status":"publish","type":"post","link":"https:\/\/jornalhoje.inf.br\/wp\/moda-cultura-e-empreendedorismo-vem-ai-o-festival-caxias-fashion\/","title":{"rendered":"Moda, cultura e empreendedorismo: vem a\u00ed o Festival Caxias Fashion"},"content":{"rendered":"<div id=\"fb-root\"><\/div>\n\n<p>De <strong>10 a 13 de setembro de 2026<\/strong>, o Caxias Shopping recebe uma nova edi\u00e7\u00e3o do <strong>Festival Caxias Fashion \u2013 FCF26<\/strong>, evento gratuito que re\u00fane moda, arte, cultura, empreendedorismo e economia criativa em uma programa\u00e7\u00e3o voltada \u00e0 valoriza\u00e7\u00e3o da identidade e dos talentos da Baixada Fluminense.<\/p>\n\n\n\n<p>Depois do sucesso da edi\u00e7\u00e3o de 2025, o Festival Caxias Fashion retorna em 2026 com uma programa\u00e7\u00e3o ainda mais diversificada, reunindo desfiles de moda, feira de empreendedorismo, oficinas, pain\u00e9is de debate, manifesta\u00e7\u00f5es art\u00edsticas, cultura e experi\u00eancias criativas.<\/p>\n\n\n\n<figure class=\"wp-block-gallery has-nested-images columns-default is-cropped wp-block-gallery-1 is-layout-flex wp-block-gallery-is-layout-flex\">\n<figure class=\"wp-block-image size-large\"><img fetchpriority=\"high\" decoding=\"async\" width=\"980\" height=\"650\" data-id=\"238499\" src=\"https:\/\/jornalhoje.inf.br\/wp\/wp-content\/uploads\/2026\/09\/Caxias-10-a-13-setembro-Caxias-Shopping-recebe-Festival-Caxias-Fashion-1.jpeg\" alt=\"\" class=\"wp-image-238499\" srcset=\"https:\/\/jornalhoje.inf.br\/wp\/wp-content\/uploads\/2026\/09\/Caxias-10-a-13-setembro-Caxias-Shopping-recebe-Festival-Caxias-Fashion-1.jpeg 980w, https:\/\/jornalhoje.inf.br\/wp\/wp-content\/uploads\/2026\/09\/Caxias-10-a-13-setembro-Caxias-Shopping-recebe-Festival-Caxias-Fashion-1-300x199.jpeg 300w, https:\/\/jornalhoje.inf.br\/wp\/wp-content\/uploads\/2026\/09\/Caxias-10-a-13-setembro-Caxias-Shopping-recebe-Festival-Caxias-Fashion-1-768x509.jpeg 768w\" sizes=\"(max-width: 980px) 100vw, 980px\" \/><\/figure>\n\n\n\n<figure class=\"wp-block-image size-large\"><img decoding=\"async\" width=\"1024\" height=\"683\" data-id=\"238500\" src=\"https:\/\/jornalhoje.inf.br\/wp\/wp-content\/uploads\/2026\/09\/Caxias-10-a-13-setembro-Caxias-Shopping-recebe-edicao-Festival-Caxias-Fashion-2.jpeg\" alt=\"\" class=\"wp-image-238500\" srcset=\"https:\/\/jornalhoje.inf.br\/wp\/wp-content\/uploads\/2026\/09\/Caxias-10-a-13-setembro-Caxias-Shopping-recebe-edicao-Festival-Caxias-Fashion-2.jpeg 1024w, https:\/\/jornalhoje.inf.br\/wp\/wp-content\/uploads\/2026\/09\/Caxias-10-a-13-setembro-Caxias-Shopping-recebe-edicao-Festival-Caxias-Fashion-2-300x200.jpeg 300w, https:\/\/jornalhoje.inf.br\/wp\/wp-content\/uploads\/2026\/09\/Caxias-10-a-13-setembro-Caxias-Shopping-recebe-edicao-Festival-Caxias-Fashion-2-768x512.jpeg 768w\" sizes=\"(max-width: 1024px) 100vw, 1024px\" \/><\/figure>\n<\/figure>\n\n\n\n<p>Mais do que um evento de moda, o Caxias Fashion \u00e9 um espa\u00e7o de encontro, visibilidade e valoriza\u00e7\u00e3o de quem cria e empreende no territ\u00f3rio. A proposta \u00e9 conectar moda, cultura, arte, sustentabilidade e empreendedorismo, abrindo espa\u00e7o para estilistas, artes\u00e3os, artistas, empreendedores, produtores culturais e novos talentos apresentarem seus trabalhos e ampliarem suas conex\u00f5es.<\/p>\n\n\n\n<p>Na edi\u00e7\u00e3o anterior, o p\u00fablico acompanhou desfiles, feira de empreendedorismo local, oficinas de artes, croch\u00ea e macram\u00ea, al\u00e9m de pain\u00e9is sobre empreendedorismo, inclus\u00e3o, cotas raciais, intelig\u00eancia emocional e outros temas contempor\u00e2neos, reunindo convidados e profissionais de diferentes \u00e1reas.<\/p>\n\n\n\n<p>Em 2026, o festival amplia essa experi\u00eancia e refor\u00e7a seu compromisso com o fortalecimento da economia criativa da Baixada Fluminense, reconhecendo a moda tamb\u00e9m como express\u00e3o de identidade, de pertencimento, de gera\u00e7\u00e3o de oportunidades e de desenvolvimento local.<\/p>\n\n\n\n<p>Durante quatro dias, o p\u00fablico poder\u00e1 conhecer diferentes express\u00f5es da criatividade da regi\u00e3o e participar gratuitamente de uma programa\u00e7\u00e3o pensada para aproximar pessoas, ideias, neg\u00f3cios e cultura. O Festival Caxias Fashion 2026 reafirma, assim, a pot\u00eancia criativa da Baixada Fluminense e contribui para posicionar Duque de Caxias como territ\u00f3rio de moda, cultura, empreendedorismo e economia criativa.<\/p>\n\n\n\n<p><strong>F<\/strong><strong>estival Caxias Fashion 2026 \u2013 FCF26<br><\/strong><br>Data: de 10 a 13 de setembro de 2026<br>Hor\u00e1rio: das 14h \u00e0s 22h<br>Local: Caxias Shopping \u2013 Estacionamento B, Entrada Principal<br>Endere\u00e7o:\u00a0<a href=\"https:\/\/www.google.com\/maps\/search\/Rodovia+Washington+Luiz,+2.895+%E2%80%93+Parque+Duque+%E2%80%93+Duque+de+Caxias%2FRJ?entry=gmail&amp;source=g\">Rodovia Washington Luiz, 2.895 \u2013 Parque Duque \u2013 Duque de Caxias\/RJ<\/a><br>Entrada: Gratuita e aberta ao p\u00fablico.<\/p>\n","protected":false},"excerpt":{"rendered":"<p>De 10 a 13 de setembro de 2026, o Caxias Shopping recebe uma nova edi\u00e7\u00e3o do Festival Caxias Fashion \u2013 FCF26, evento gratuito que re\u00fane moda, arte, cultura, empreendedorismo e economia criativa em uma programa\u00e7\u00e3o voltada \u00e0 valoriza\u00e7\u00e3o da identidade e dos talentos da Baixada Fluminense. Depois do sucesso da edi\u00e7\u00e3o de 2025, o Festival Caxias Fashion retorna em 2026 com uma programa\u00e7\u00e3o ainda mais diversificada, reunindo desfiles de moda, feira de empreendedorismo, oficinas, pain\u00e9is de debate, manifesta\u00e7\u00f5es art\u00edsticas, cultura e experi\u00eancias criativas. Mais do que um evento de moda, o Caxias Fashion \u00e9 um espa\u00e7o de encontro, visibilidade e valoriza\u00e7\u00e3o de quem cria e empreende no territ\u00f3rio. A proposta \u00e9 conectar moda, cultura, arte, sustentabilidade e empreendedorismo, abrindo espa\u00e7o para estilistas, artes\u00e3os, artistas, empreendedores, produtores culturais e novos talentos apresentarem seus trabalhos e ampliarem suas conex\u00f5es. Na edi\u00e7\u00e3o anterior, o p\u00fablico acompanhou desfiles, feira de empreendedorismo local, oficinas de artes, croch\u00ea e macram\u00ea, al\u00e9m de pain\u00e9is sobre empreendedorismo, inclus\u00e3o, cotas raciais, intelig\u00eancia emocional e outros temas contempor\u00e2neos, reunindo convidados e profissionais de diferentes \u00e1reas. Em 2026, o festival amplia essa experi\u00eancia e refor\u00e7a seu compromisso com o fortalecimento da economia criativa da Baixada Fluminense, reconhecendo a moda tamb\u00e9m como express\u00e3o de identidade, de pertencimento, de gera\u00e7\u00e3o de oportunidades e de desenvolvimento local. Durante quatro dias, o p\u00fablico poder\u00e1 conhecer diferentes express\u00f5es da criatividade da regi\u00e3o e participar gratuitamente de uma programa\u00e7\u00e3o pensada para aproximar pessoas, ideias, neg\u00f3cios e cultura. O Festival Caxias Fashion 2026 reafirma, assim, a pot\u00eancia criativa da Baixada Fluminense e contribui para posicionar Duque de Caxias como territ\u00f3rio de moda, cultura, empreendedorismo e economia criativa. Festival Caxias Fashion 2026 \u2013 FCF26Data: de 10 a 13 de setembro de 2026Hor\u00e1rio: das 14h \u00e0s 22hLocal: Caxias Shopping \u2013 Estacionamento B, Entrada PrincipalEndere\u00e7o:\u00a0Rodovia Washington Luiz, 2.895 \u2013 Parque Duque \u2013 Duque de Caxias\/RJEntrada: Gratuita e aberta ao p\u00fablico.<\/p>\n","protected":false},"author":3,"featured_media":238498,"comment_status":"open","ping_status":"open","sticky":false,"template":"","format":"standard","meta":{"_seopress_robots_primary_cat":"none","_seopress_titles_title":"","_seopress_titles_desc":"","_seopress_robots_index":"","footnotes":""},"categories":[13],"tags":[],"class_list":["post-238495","post","type-post","status-publish","format-standard","has-post-thumbnail","hentry","category-baixada"],"_links":{"self":[{"href":"https:\/\/jornalhoje.inf.br\/wp\/wp-json\/wp\/v2\/posts\/238495","targetHints":{"allow":["GET"]}}],"collection":[{"href":"https:\/\/jornalhoje.inf.br\/wp\/wp-json\/wp\/v2\/posts"}],"about":[{"href":"https:\/\/jornalhoje.inf.br\/wp\/wp-json\/wp\/v2\/types\/post"}],"author":[{"embeddable":true,"href":"https:\/\/jornalhoje.inf.br\/wp\/wp-json\/wp\/v2\/users\/3"}],"replies":[{"embeddable":true,"href":"https:\/\/jornalhoje.inf.br\/wp\/wp-json\/wp\/v2\/comments?post=238495"}],"version-history":[{"count":3,"href":"https:\/\/jornalhoje.inf.br\/wp\/wp-json\/wp\/v2\/posts\/238495\/revisions"}],"predecessor-version":[{"id":238503,"href":"https:\/\/jornalhoje.inf.br\/wp\/wp-json\/wp\/v2\/posts\/238495\/revisions\/238503"}],"wp:featuredmedia":[{"embeddable":true,"href":"https:\/\/jornalhoje.inf.br\/wp\/wp-json\/wp\/v2\/media\/238498"}],"wp:attachment":[{"href":"https:\/\/jornalhoje.inf.br\/wp\/wp-json\/wp\/v2\/media?parent=238495"}],"wp:term":[{"taxonomy":"category","embeddable":true,"href":"https:\/\/jornalhoje.inf.br\/wp\/wp-json\/wp\/v2\/categories?post=238495"},{"taxonomy":"post_tag","embeddable":true,"href":"https:\/\/jornalhoje.inf.br\/wp\/wp-json\/wp\/v2\/tags?post=238495"}],"curies":[{"name":"wp","href":"https:\/\/api.w.org\/{rel}","templated":true}]}}