{"id":238565,"date":"2026-09-02T10:53:00","date_gmt":"2026-09-02T13:53:00","guid":{"rendered":"https:\/\/jornalhoje.inf.br\/wp\/?p=238565"},"modified":"2026-09-02T10:53:01","modified_gmt":"2026-09-02T13:53:01","slug":"tropas-militares-vao-reforcar-locais-de-votacao-no-rio-de-janeiro","status":"publish","type":"post","link":"https:\/\/jornalhoje.inf.br\/wp\/tropas-militares-vao-reforcar-locais-de-votacao-no-rio-de-janeiro\/","title":{"rendered":"Tropas militares v\u00e3o refor\u00e7ar locais de vota\u00e7\u00e3o no Rio de Janeiro"},"content":{"rendered":"<div id=\"fb-root\"><\/div>\n\n<p><strong><em>Presidente do TRE diz que apoio ser\u00e1 importante para exerc\u00edcio do voto<\/em><\/strong>  &#8211;  O presidente do Tribunal Regional Eleitoral do Rio de Janeiro (TRE-RJ), desembargador Claudio de Mello Tavares, afirmou que o emprego de for\u00e7as federais nas Elei\u00e7\u00f5es 2026, autorizado pelo Tribunal Superior Eleitoral (TSE) representa&nbsp;importante refor\u00e7o \u00e0 estrat\u00e9gia de seguran\u00e7a montada para garantir que os eleitores fluminenses possam exercer livremente o direito de voto no dia 4 de outubro.<img decoding=\"async\" src=\"https:\/\/agenciabrasil.ebc.com.br\/ebc.png?id=1701309&amp;o=node\"><img decoding=\"async\" src=\"https:\/\/agenciabrasil.ebc.com.br\/ebc.gif?id=1701309&amp;o=node\"><\/p>\n\n\n\n<blockquote class=\"wp-block-quote is-layout-flow wp-block-quote-is-layout-flow\">\n<p>\u201cTemos plena confian\u00e7a na atua\u00e7\u00e3o das for\u00e7as de seguran\u00e7a do estado, mas uma elei\u00e7\u00e3o exige mobiliza\u00e7\u00e3o excepcionalmente grande.<\/p>\n<\/blockquote>\n\n\n\n<p>Ser\u00e3o cerca de 5 mil locais de vota\u00e7\u00e3o funcionando simultaneamente. O refor\u00e7o federal amplia a capacidade de proteger esses espa\u00e7os e, principalmente, de assegurar que cada eleitor possa exercer livremente o seu voto.<\/p>\n\n\n\n<p>O TSE aprovou por unanimidade, em sess\u00e3o administrativa, o pedido de envio de for\u00e7as federais ao Rio de Janeiro. A solicita\u00e7\u00e3o havia sido aprovada pelo Colegiado do TRE-RJ em julho, ap\u00f3s manifesta\u00e7\u00e3o favor\u00e1vel do governo do estado.<\/p>\n\n\n\n<p>Para o desembargador Claudio de Mello Tavares, o apoio federal ganha especial import\u00e2ncia diante das caracter\u00edsticas do Rio de Janeiro e da exist\u00eancia de \u00e1reas submetidas ao controle de organiza\u00e7\u00f5es criminosas.<\/p>\n\n\n\n<blockquote class=\"wp-block-quote is-layout-flow wp-block-quote-is-layout-flow\">\n<p>\u201cN\u00e3o trabalhamos apenas para impedir epis\u00f3dios ostensivos de viol\u00eancia. Nossa preocupa\u00e7\u00e3o alcan\u00e7a tamb\u00e9m formas menos vis\u00edveis de intimida\u00e7\u00e3o e constrangimento&#8221;.<\/p>\n<\/blockquote>\n\n\n\n<p>Para ele, onde houver risco de que o controle territorial se transforme em controle sobre a vontade do eleitor, o Estado precisa estar presente. O voto tem que ser livre em cada se\u00e7\u00e3o eleitoral do Rio\u201d, acrescentou.<\/p>\n\n\n\n<p>Entre as medidas a serem adotadas est\u00e3o a atua\u00e7\u00e3o integrada com \u00f3rg\u00e3os de seguran\u00e7a e intelig\u00eancia,&nbsp;a transfer\u00eancia de locais de vota\u00e7\u00e3o situados em \u00e1reas consideradas de alto risco e o compartilhamento institucional de informa\u00e7\u00f5es relevantes para a prote\u00e7\u00e3o do processo eleitoral.<\/p>\n\n\n\n<blockquote class=\"wp-block-quote is-layout-flow wp-block-quote-is-layout-flow\">\n<p>\u201cO eleitor precisa chegar ao dia 4 de outubro com uma certeza: haver\u00e1 uma estrutura robusta trabalhando para que ele possa entrar na se\u00e7\u00e3o eleitoral, fazer a sua escolha e sair dela sem qualquer tipo de intimida\u00e7\u00e3o ou interfer\u00eancia&#8221;, disse Tavares..<\/p>\n<\/blockquote>\n\n\n\n<p>Segundo ele, proteger a elei\u00e7\u00e3o \u00e9, antes de tudo, proteger o direito de cada cidad\u00e3o de escolher livremente seus representantes.<\/p>\n\n\n\n<p>As for\u00e7as federais empregadas nas elei\u00e7\u00f5es 2026 contar\u00e3o com tropas militares do Ex\u00e9rcito, da Marinha e Aeron\u00e1utica.  &#8211;   <em>Douglas Corr\u00eaa &#8211; Ag\u00eancia Brasil<\/em><\/p>\n","protected":false},"excerpt":{"rendered":"<p>Presidente do TRE diz que apoio ser\u00e1 importante para exerc\u00edcio do voto &#8211; O presidente do Tribunal Regional Eleitoral do Rio de Janeiro (TRE-RJ), desembargador Claudio de Mello Tavares, afirmou que o emprego de for\u00e7as federais nas Elei\u00e7\u00f5es 2026, autorizado pelo Tribunal Superior Eleitoral (TSE) representa&nbsp;importante refor\u00e7o \u00e0 estrat\u00e9gia de seguran\u00e7a montada para garantir que os eleitores fluminenses possam exercer livremente o direito de voto no dia 4 de outubro. \u201cTemos plena confian\u00e7a na atua\u00e7\u00e3o das for\u00e7as de seguran\u00e7a do estado, mas uma elei\u00e7\u00e3o exige mobiliza\u00e7\u00e3o excepcionalmente grande. Ser\u00e3o cerca de 5 mil locais de vota\u00e7\u00e3o funcionando simultaneamente. O refor\u00e7o federal amplia a capacidade de proteger esses espa\u00e7os e, principalmente, de assegurar que cada eleitor possa exercer livremente o seu voto. O TSE aprovou por unanimidade, em sess\u00e3o administrativa, o pedido de envio de for\u00e7as federais ao Rio de Janeiro. A solicita\u00e7\u00e3o havia sido aprovada pelo Colegiado do TRE-RJ em julho, ap\u00f3s manifesta\u00e7\u00e3o favor\u00e1vel do governo do estado. Para o desembargador Claudio de Mello Tavares, o apoio federal ganha especial import\u00e2ncia diante das caracter\u00edsticas do Rio de Janeiro e da exist\u00eancia de \u00e1reas submetidas ao controle de organiza\u00e7\u00f5es criminosas. \u201cN\u00e3o trabalhamos apenas para impedir epis\u00f3dios ostensivos de viol\u00eancia. Nossa preocupa\u00e7\u00e3o alcan\u00e7a tamb\u00e9m formas menos vis\u00edveis de intimida\u00e7\u00e3o e constrangimento&#8221;. Para ele, onde houver risco de que o controle territorial se transforme em controle sobre a vontade do eleitor, o Estado precisa estar presente. O voto tem que ser livre em cada se\u00e7\u00e3o eleitoral do Rio\u201d, acrescentou. Entre as medidas a serem adotadas est\u00e3o a atua\u00e7\u00e3o integrada com \u00f3rg\u00e3os de seguran\u00e7a e intelig\u00eancia,&nbsp;a transfer\u00eancia de locais de vota\u00e7\u00e3o situados em \u00e1reas consideradas de alto risco e o compartilhamento institucional de informa\u00e7\u00f5es relevantes para a prote\u00e7\u00e3o do processo eleitoral. \u201cO eleitor precisa chegar ao dia 4 de outubro com uma certeza: haver\u00e1 uma estrutura robusta trabalhando para que ele possa entrar na se\u00e7\u00e3o eleitoral, fazer a sua escolha e sair dela sem qualquer tipo de intimida\u00e7\u00e3o ou interfer\u00eancia&#8221;, disse Tavares.. Segundo ele, proteger a elei\u00e7\u00e3o \u00e9, antes de tudo, proteger o direito de cada cidad\u00e3o de escolher livremente seus representantes. As for\u00e7as federais empregadas nas elei\u00e7\u00f5es 2026 contar\u00e3o com tropas militares do Ex\u00e9rcito, da Marinha e Aeron\u00e1utica. &#8211; Douglas Corr\u00eaa &#8211; Ag\u00eancia Brasil<\/p>\n","protected":false},"author":3,"featured_media":238568,"comment_status":"open","ping_status":"open","sticky":false,"template":"","format":"standard","meta":{"_seopress_robots_primary_cat":"none","_seopress_titles_title":"","_seopress_titles_desc":"","_seopress_robots_index":"","footnotes":""},"categories":[16],"tags":[2150],"class_list":["post-238565","post","type-post","status-publish","format-standard","has-post-thumbnail","hentry","category-geral","tag-destaque"],"_links":{"self":[{"href":"https:\/\/jornalhoje.inf.br\/wp\/wp-json\/wp\/v2\/posts\/238565","targetHints":{"allow":["GET"]}}],"collection":[{"href":"https:\/\/jornalhoje.inf.br\/wp\/wp-json\/wp\/v2\/posts"}],"about":[{"href":"https:\/\/jornalhoje.inf.br\/wp\/wp-json\/wp\/v2\/types\/post"}],"author":[{"embeddable":true,"href":"https:\/\/jornalhoje.inf.br\/wp\/wp-json\/wp\/v2\/users\/3"}],"replies":[{"embeddable":true,"href":"https:\/\/jornalhoje.inf.br\/wp\/wp-json\/wp\/v2\/comments?post=238565"}],"version-history":[{"count":1,"href":"https:\/\/jornalhoje.inf.br\/wp\/wp-json\/wp\/v2\/posts\/238565\/revisions"}],"predecessor-version":[{"id":238569,"href":"https:\/\/jornalhoje.inf.br\/wp\/wp-json\/wp\/v2\/posts\/238565\/revisions\/238569"}],"wp:featuredmedia":[{"embeddable":true,"href":"https:\/\/jornalhoje.inf.br\/wp\/wp-json\/wp\/v2\/media\/238568"}],"wp:attachment":[{"href":"https:\/\/jornalhoje.inf.br\/wp\/wp-json\/wp\/v2\/media?parent=238565"}],"wp:term":[{"taxonomy":"category","embeddable":true,"href":"https:\/\/jornalhoje.inf.br\/wp\/wp-json\/wp\/v2\/categories?post=238565"},{"taxonomy":"post_tag","embeddable":true,"href":"https:\/\/jornalhoje.inf.br\/wp\/wp-json\/wp\/v2\/tags?post=238565"}],"curies":[{"name":"wp","href":"https:\/\/api.w.org\/{rel}","templated":true}]}}