{"id":238633,"date":"2026-09-02T18:05:50","date_gmt":"2026-09-02T21:05:50","guid":{"rendered":"https:\/\/jornalhoje.inf.br\/wp\/?p=238633"},"modified":"2026-09-02T18:05:51","modified_gmt":"2026-09-02T21:05:51","slug":"sus-amplia-oferta-de-tromboliticos-para-infarto-e-avc-isquemico","status":"publish","type":"post","link":"https:\/\/jornalhoje.inf.br\/wp\/sus-amplia-oferta-de-tromboliticos-para-infarto-e-avc-isquemico\/","title":{"rendered":"SUS amplia oferta de trombol\u00edticos para infarto e AVC isqu\u00eamico"},"content":{"rendered":"<div id=\"fb-root\"><\/div>\n\n<p><strong><em>Rapidez no uso do medicamento reduz \u00f3bitos e risco de sequelas<\/em><\/strong>  &#8211;  O Sistema \u00danico de Sa\u00fade (SUS) vai ampliar a oferta de medicamentos trombol\u00edticos na rede de urg\u00eancia e emerg\u00eancia, incluindo as unidades de Pronto Atendimento (UPAs) e o Servi\u00e7o de Atendimento M\u00f3vel de Urg\u00eancia (Samu 192).<img decoding=\"async\" src=\"https:\/\/agenciabrasil.ebc.com.br\/ebc.png?id=1701356&amp;o=node\"><img decoding=\"async\" src=\"https:\/\/agenciabrasil.ebc.com.br\/ebc.gif?id=1701356&amp;o=node\"><\/p>\n\n\n\n<p>O maior acesso ao tratamento pelas pessoas com Infarto Agudo do Mioc\u00e1rdio (IAM) e o Acidente Vascular Cerebral (AVC) isqu\u00eamico est\u00e1 previsto na\u00a0Lei n\u00ba 5.972\/2023,\u00a0sancionada na manh\u00e3 desta quarta-feira (2) pelo presidente da Rep\u00fablica.<\/p>\n\n\n\n<p>Os&nbsp;<strong>trombol\u00edticos s\u00e3o usados, conforme avalia\u00e7\u00e3o cl\u00ednica, para dissolver os co\u00e1gulos sangu\u00edneos que bloqueiam os vasos do cora\u00e7\u00e3o ou do c\u00e9rebro<\/strong>&nbsp;e, dessa forma, restabelecer a circula\u00e7\u00e3o do sangue. O bloqueio pode causar as duas graves condi\u00e7\u00f5es m\u00e9dicas de emerg\u00eancia, o IAM e o AVC isqu\u00eamico.<\/p>\n\n\n\n<p>A rapidez no diagn\u00f3stico e no in\u00edcio da terapia aumenta as chances de sobreviv\u00eancia e reduz o risco de sequelas nos pacientes, ressalta o ministro da Sa\u00fade, Alexandre Padilha.&nbsp;<\/p>\n\n\n\n<p><strong>Com a san\u00e7\u00e3o da lei, a terapia estar\u00e1 mais dispon\u00edvel em todo o pa\u00eds.<\/strong>&nbsp;<\/p>\n\n\n\n<p>\u201cEm caso de infarto, acidente vascular cerebral, tempo \u00e9 vida! \u00c9 o que pode reduzir o risco de \u00f3bito ou de impactos maiores f\u00edsicos para aquela pessoa\u201d, disse em suas redes sociais.&nbsp;<\/p>\n\n\n\n<p>Nos casos de infarto, o uso do trombol\u00edtico pode ser indicado, principalmente, quando os procedimentos de maior complexidade, como a angioplastia (procedimento m\u00e9dico para desobstruir art\u00e9rias), n\u00e3o est\u00e3o dispon\u00edveis no tempo recomendado. Assim, o paciente pode receber o medicamento enquanto a continuidade do atendimento \u00e9 providenciada na rede de sa\u00fade.<\/p>\n\n\n\n<h2 class=\"wp-block-heading\">Comit\u00ea<\/h2>\n\n\n\n<p>Atualmente, j\u00e1 existem protocolos do SUS para diagn\u00f3stico e tratamento para o IAM e para o AVC que preveem o uso de trombol\u00edticos nos servi\u00e7os de urg\u00eancia e emerg\u00eancia, incluindo as UPA e o Samu 192.\u00a0No entanto, a aquisi\u00e7\u00e3o desses medicamentos \u00e9 feita pelos gestores de sa\u00fade locais.<\/p>\n\n\n\n<p>Para ampliar a disponibilidade desses medicamentos e aprimorar a oferta dos trombol\u00edticos na rede p\u00fablica de sa\u00fade de todo pa\u00eds, o ministro da Sa\u00fade assinou a portaria que instituiu o Comit\u00ea de Acompanhamento da Implementa\u00e7\u00e3o das Linhas de Cuidado dos Agravos Cerebrovasculares e Cardiovasculares Tempo-Dependentes: Acidente Vascular Cerebral (AVC) e Infarto Agudo do Mioc\u00e1rdio (IAM).<\/p>\n\n\n\n<p>De acordo com a pasta, esse grupo ser\u00e1 respons\u00e1vel por analisar e propor a\u00e7\u00f5es para tornar os medicamentos mais acess\u00edveis e qualificar a assist\u00eancia aos pacientes.<\/p>\n\n\n\n<p>\u201cO Minist\u00e9rio da Sa\u00fade cria hoje um grupo de trabalho, junto com as sociedades de especialidades, para regulamentar, estabelecer diretrizes, implementar e acompanhar a execu\u00e7\u00e3o em todo o Brasil. Isso \u00e9 fundamental para mudar a hist\u00f3ria natural do infarto no nosso pa\u00eds\u201d, explicou o ministro Alexandre Padilha.<\/p>\n\n\n\n<h2 class=\"wp-block-heading\">N\u00fameros<\/h2>\n\n\n\n<p>O Brasil registra entre 300 mil e 400 mil casos de infarto por ano.\u00a0Em 2025, o SUS contabilizou 292 mil atendimentos por AVC, dos quais 218 mil foram relacionados ao AVC isqu\u00eamico, quando um co\u00e1gulo obstrui uma art\u00e9ria do c\u00e9rebro, interrompendo o fluxo sangu\u00edneo e a oxigena\u00e7\u00e3o na regi\u00e3o.<\/p>\n\n\n\n<p>Nas UPAs, as equipes podem fazer o diagn\u00f3stico, avaliar a indica\u00e7\u00e3o cl\u00ednica e, quando necess\u00e1rio, iniciar o tratamento com trombol\u00edticos tanto para o IAM quanto o AVC isqu\u00eamico para dissolu\u00e7\u00e3o dos trombos.<\/p>\n\n\n\n<p>O ministro Alexandre Padilha disse que v\u00e1rias experi\u00eancias com uso de trombol\u00edticos, realizadas junto aos estados e munic\u00edpios, s\u00e3o acompanhadas pela pasta, com a possibilidade de reduzir em at\u00e9 50% os \u00f3bitos por infarto.<\/p>\n\n\n\n<p>No Samu 192, ap\u00f3s avalia\u00e7\u00e3o da equipe de sa\u00fade, o medicamento pode ser administrado nas unidades de Suporte Avan\u00e7ado de Vida habilitadas.<\/p>\n\n\n\n<p>Atualmente, 102 unidades do Samu 192 est\u00e3o habilitadas para prestar esse tipo de assist\u00eancia. O Cear\u00e1 concentra 28 unidades, seguido por Minas Gerais, com 22; Sergipe, com 16; Rio Grande do Norte, com 13; Bahia, com 12; S\u00e3o Paulo, com nove; e Para\u00edba, com duas.<\/p>\n\n\n\n<p>Em 2025, foram registradas 861 aplica\u00e7\u00f5es de trombol\u00edticos pelo Samu 192 em todo o pa\u00eds.  &#8211;  <em>Daniella Almeida &#8211; Ag\u00eancia Brasil<\/em><\/p>\n","protected":false},"excerpt":{"rendered":"<p>Rapidez no uso do medicamento reduz \u00f3bitos e risco de sequelas &#8211; O Sistema \u00danico de Sa\u00fade (SUS) vai ampliar a oferta de medicamentos trombol\u00edticos na rede de urg\u00eancia e emerg\u00eancia, incluindo as unidades de Pronto Atendimento (UPAs) e o Servi\u00e7o de Atendimento M\u00f3vel de Urg\u00eancia (Samu 192). O maior acesso ao tratamento pelas pessoas com Infarto Agudo do Mioc\u00e1rdio (IAM) e o Acidente Vascular Cerebral (AVC) isqu\u00eamico est\u00e1 previsto na\u00a0Lei n\u00ba 5.972\/2023,\u00a0sancionada na manh\u00e3 desta quarta-feira (2) pelo presidente da Rep\u00fablica. Os&nbsp;trombol\u00edticos s\u00e3o usados, conforme avalia\u00e7\u00e3o cl\u00ednica, para dissolver os co\u00e1gulos sangu\u00edneos que bloqueiam os vasos do cora\u00e7\u00e3o ou do c\u00e9rebro&nbsp;e, dessa forma, restabelecer a circula\u00e7\u00e3o do sangue. O bloqueio pode causar as duas graves condi\u00e7\u00f5es m\u00e9dicas de emerg\u00eancia, o IAM e o AVC isqu\u00eamico. A rapidez no diagn\u00f3stico e no in\u00edcio da terapia aumenta as chances de sobreviv\u00eancia e reduz o risco de sequelas nos pacientes, ressalta o ministro da Sa\u00fade, Alexandre Padilha.&nbsp; Com a san\u00e7\u00e3o da lei, a terapia estar\u00e1 mais dispon\u00edvel em todo o pa\u00eds.&nbsp; \u201cEm caso de infarto, acidente vascular cerebral, tempo \u00e9 vida! \u00c9 o que pode reduzir o risco de \u00f3bito ou de impactos maiores f\u00edsicos para aquela pessoa\u201d, disse em suas redes sociais.&nbsp; Nos casos de infarto, o uso do trombol\u00edtico pode ser indicado, principalmente, quando os procedimentos de maior complexidade, como a angioplastia (procedimento m\u00e9dico para desobstruir art\u00e9rias), n\u00e3o est\u00e3o dispon\u00edveis no tempo recomendado. Assim, o paciente pode receber o medicamento enquanto a continuidade do atendimento \u00e9 providenciada na rede de sa\u00fade. Comit\u00ea Atualmente, j\u00e1 existem protocolos do SUS para diagn\u00f3stico e tratamento para o IAM e para o AVC que preveem o uso de trombol\u00edticos nos servi\u00e7os de urg\u00eancia e emerg\u00eancia, incluindo as UPA e o Samu 192.\u00a0No entanto, a aquisi\u00e7\u00e3o desses medicamentos \u00e9 feita pelos gestores de sa\u00fade locais. Para ampliar a disponibilidade desses medicamentos e aprimorar a oferta dos trombol\u00edticos na rede p\u00fablica de sa\u00fade de todo pa\u00eds, o ministro da Sa\u00fade assinou a portaria que instituiu o Comit\u00ea de Acompanhamento da Implementa\u00e7\u00e3o das Linhas de Cuidado dos Agravos Cerebrovasculares e Cardiovasculares Tempo-Dependentes: Acidente Vascular Cerebral (AVC) e Infarto Agudo do Mioc\u00e1rdio (IAM). De acordo com a pasta, esse grupo ser\u00e1 respons\u00e1vel por analisar e propor a\u00e7\u00f5es para tornar os medicamentos mais acess\u00edveis e qualificar a assist\u00eancia aos pacientes. \u201cO Minist\u00e9rio da Sa\u00fade cria hoje um grupo de trabalho, junto com as sociedades de especialidades, para regulamentar, estabelecer diretrizes, implementar e acompanhar a execu\u00e7\u00e3o em todo o Brasil. Isso \u00e9 fundamental para mudar a hist\u00f3ria natural do infarto no nosso pa\u00eds\u201d, explicou o ministro Alexandre Padilha. N\u00fameros O Brasil registra entre 300 mil e 400 mil casos de infarto por ano.\u00a0Em 2025, o SUS contabilizou 292 mil atendimentos por AVC, dos quais 218 mil foram relacionados ao AVC isqu\u00eamico, quando um co\u00e1gulo obstrui uma art\u00e9ria do c\u00e9rebro, interrompendo o fluxo sangu\u00edneo e a oxigena\u00e7\u00e3o na regi\u00e3o. Nas UPAs, as equipes podem fazer o diagn\u00f3stico, avaliar a indica\u00e7\u00e3o cl\u00ednica e, quando necess\u00e1rio, iniciar o tratamento com trombol\u00edticos tanto para o IAM quanto o AVC isqu\u00eamico para dissolu\u00e7\u00e3o dos trombos. O ministro Alexandre Padilha disse que v\u00e1rias experi\u00eancias com uso de trombol\u00edticos, realizadas junto aos estados e munic\u00edpios, s\u00e3o acompanhadas pela pasta, com a possibilidade de reduzir em at\u00e9 50% os \u00f3bitos por infarto. No Samu 192, ap\u00f3s avalia\u00e7\u00e3o da equipe de sa\u00fade, o medicamento pode ser administrado nas unidades de Suporte Avan\u00e7ado de Vida habilitadas. Atualmente, 102 unidades do Samu 192 est\u00e3o habilitadas para prestar esse tipo de assist\u00eancia. O Cear\u00e1 concentra 28 unidades, seguido por Minas Gerais, com 22; Sergipe, com 16; Rio Grande do Norte, com 13; Bahia, com 12; S\u00e3o Paulo, com nove; e Para\u00edba, com duas. Em 2025, foram registradas 861 aplica\u00e7\u00f5es de trombol\u00edticos pelo Samu 192 em todo o pa\u00eds. &#8211; Daniella Almeida &#8211; Ag\u00eancia Brasil<\/p>\n","protected":false},"author":3,"featured_media":203473,"comment_status":"open","ping_status":"open","sticky":false,"template":"","format":"standard","meta":{"_seopress_robots_primary_cat":"none","_seopress_titles_title":"","_seopress_titles_desc":"","_seopress_robots_index":"","footnotes":""},"categories":[16],"tags":[2150],"class_list":["post-238633","post","type-post","status-publish","format-standard","has-post-thumbnail","hentry","category-geral","tag-destaque"],"_links":{"self":[{"href":"https:\/\/jornalhoje.inf.br\/wp\/wp-json\/wp\/v2\/posts\/238633","targetHints":{"allow":["GET"]}}],"collection":[{"href":"https:\/\/jornalhoje.inf.br\/wp\/wp-json\/wp\/v2\/posts"}],"about":[{"href":"https:\/\/jornalhoje.inf.br\/wp\/wp-json\/wp\/v2\/types\/post"}],"author":[{"embeddable":true,"href":"https:\/\/jornalhoje.inf.br\/wp\/wp-json\/wp\/v2\/users\/3"}],"replies":[{"embeddable":true,"href":"https:\/\/jornalhoje.inf.br\/wp\/wp-json\/wp\/v2\/comments?post=238633"}],"version-history":[{"count":1,"href":"https:\/\/jornalhoje.inf.br\/wp\/wp-json\/wp\/v2\/posts\/238633\/revisions"}],"predecessor-version":[{"id":238647,"href":"https:\/\/jornalhoje.inf.br\/wp\/wp-json\/wp\/v2\/posts\/238633\/revisions\/238647"}],"wp:featuredmedia":[{"embeddable":true,"href":"https:\/\/jornalhoje.inf.br\/wp\/wp-json\/wp\/v2\/media\/203473"}],"wp:attachment":[{"href":"https:\/\/jornalhoje.inf.br\/wp\/wp-json\/wp\/v2\/media?parent=238633"}],"wp:term":[{"taxonomy":"category","embeddable":true,"href":"https:\/\/jornalhoje.inf.br\/wp\/wp-json\/wp\/v2\/categories?post=238633"},{"taxonomy":"post_tag","embeddable":true,"href":"https:\/\/jornalhoje.inf.br\/wp\/wp-json\/wp\/v2\/tags?post=238633"}],"curies":[{"name":"wp","href":"https:\/\/api.w.org\/{rel}","templated":true}]}}