{"id":238748,"date":"2026-09-03T19:14:31","date_gmt":"2026-09-03T22:14:31","guid":{"rendered":"https:\/\/jornalhoje.inf.br\/wp\/?p=238748"},"modified":"2026-09-03T19:14:31","modified_gmt":"2026-09-03T22:14:31","slug":"mp-da-taxa-das-blusinhas-e-aprovada-na-camara-e-vai-ao-senado","status":"publish","type":"post","link":"https:\/\/jornalhoje.inf.br\/wp\/mp-da-taxa-das-blusinhas-e-aprovada-na-camara-e-vai-ao-senado\/","title":{"rendered":"MP da &#8220;taxa das blusinhas&#8221; \u00e9 aprovada na C\u00e2mara e vai ao Senado"},"content":{"rendered":"<div id=\"fb-root\"><\/div>\n\n<p><strong><em>Texto isenta compras internacionais de at\u00e9 50 d\u00f3lares<\/em><\/strong>  &#8211;  O plen\u00e1rio da\u00a0C\u00e2mara dos Deputados\u00a0<strong>aprovou<\/strong>, nesta quinta-feira (3), em vota\u00e7\u00e3o simb\u00f3lica, a\u00a0Medida Provis\u00f3ria (MP) da chamada &#8220;taxa das blusinhas&#8221;. O texto <strong>zera\u00a0a al\u00edquota do Imposto de Importa\u00e7\u00e3o<\/strong>, atualmente de 20%, para compras internacionais de at\u00e9 US$ 50\u00a0(cerca de <strong>R$ 257<\/strong>) feitas pela internet e enviadas ao pa\u00eds por meio de remessas postais.\u00a0O texto segue agora para o Senado e precisa ser aprovado nas duas Casas at\u00e9 8 de setembro para n\u00e3o perder a validade.<strong>\u00a0<\/strong><img decoding=\"async\" src=\"https:\/\/agenciabrasil.ebc.com.br\/ebc.png?id=1701474&amp;o=node\"><img decoding=\"async\" src=\"https:\/\/agenciabrasil.ebc.com.br\/ebc.gif?id=1701474&amp;o=node\"><\/p>\n\n\n\n<p>Segundo o&nbsp;presidente da C\u00e2mara, Hugo Motta (Republicanos-PB), as compras de at\u00e9 50 d\u00f3lares representam alternativa importante de consumo, especialmente para a popula\u00e7\u00e3o de menor renda.<\/p>\n\n\n\n<blockquote class=\"wp-block-quote is-layout-flow wp-block-quote-is-layout-flow\">\n<p>&#8220;S\u00e3o brasileiros que enfrentam diariamente a press\u00e3o sobre o or\u00e7amento dom\u00e9stico e encontram nesse com\u00e9rcio uma forma de adquirir produtos do cotidiano a pre\u00e7os mais acess\u00edveis&#8221;, destacou o parlamentar ao final da vota\u00e7\u00e3o.&nbsp;<\/p>\n<\/blockquote>\n\n\n\n<p>De acordo com Motta, as preocupa\u00e7\u00f5es da ind\u00fastria e do varejo nacionais,\u00a0setores que <strong>s\u00e3o contr\u00e1rios ao fim da taxa<\/strong>, ser\u00e3o debatidas para conciliar a prote\u00e7\u00e3o do poder de compra das fam\u00edlias e manter a competitividade da produ\u00e7\u00e3o brasileira.<\/p>\n\n\n\n<h2 class=\"wp-block-heading\">Altera\u00e7\u00f5es no texto<\/h2>\n\n\n\n<p>Durante a tramita\u00e7\u00e3o, o texto foi modificado pela relatora na comiss\u00e3o especial mista, a senadora Leila Barros (PDT-DF).&nbsp;<\/p>\n\n\n\n<p>Uma das novidades introduzidas na medida \u00e9 a emenda que zera o imposto de importa\u00e7\u00e3o de medicamentos que n\u00e3o tenham similar no Brasil.<\/p>\n\n\n\n<p>O texto aprovado pela C\u00e2mara tamb\u00e9m prev\u00ea uma redu\u00e7\u00e3o de 60% para 30% da al\u00edquota de importa\u00e7\u00e3o para compras de at\u00e9 US$ 3 mil por remessas postais vindas do exterior.&nbsp;<\/p>\n\n\n\n<p>Outro ponto inclu\u00eddo \u00e9 a previs\u00e3o de avalia\u00e7\u00e3o peri\u00f3dica, pelo Minist\u00e9rio da Fazenda, dos efeitos econ\u00f4micos da isen\u00e7\u00e3o tarif\u00e1ria.<\/p>\n\n\n\n<p><strong>Parlamentares da oposi\u00e7\u00e3o criticaram o teor da medida por dar vantagem a empresas estrangeiras em detrimento da ind\u00fastria nacional.<\/strong><\/p>\n\n\n\n<p>&#8220;O exato benef\u00edcio fiscal que est\u00e1 sendo dado para o mesm\u00edssimo produto com o mesm\u00edssimo pre\u00e7o precisa ser dado para o brasileiro, para quem produz aqui, para quem ainda acredita no Brasil&#8221;, afirmou o deputado federal Gilson Marques (Novo-SC).  &#8211;   <em>Pedro Rafael Vilela &#8211; Ag\u00eancia Brasil<\/em><\/p>\n","protected":false},"excerpt":{"rendered":"<p>Texto isenta compras internacionais de at\u00e9 50 d\u00f3lares &#8211; O plen\u00e1rio da\u00a0C\u00e2mara dos Deputados\u00a0aprovou, nesta quinta-feira (3), em vota\u00e7\u00e3o simb\u00f3lica, a\u00a0Medida Provis\u00f3ria (MP) da chamada &#8220;taxa das blusinhas&#8221;. O texto zera\u00a0a al\u00edquota do Imposto de Importa\u00e7\u00e3o, atualmente de 20%, para compras internacionais de at\u00e9 US$ 50\u00a0(cerca de R$ 257) feitas pela internet e enviadas ao pa\u00eds por meio de remessas postais.\u00a0O texto segue agora para o Senado e precisa ser aprovado nas duas Casas at\u00e9 8 de setembro para n\u00e3o perder a validade.\u00a0 Segundo o&nbsp;presidente da C\u00e2mara, Hugo Motta (Republicanos-PB), as compras de at\u00e9 50 d\u00f3lares representam alternativa importante de consumo, especialmente para a popula\u00e7\u00e3o de menor renda. &#8220;S\u00e3o brasileiros que enfrentam diariamente a press\u00e3o sobre o or\u00e7amento dom\u00e9stico e encontram nesse com\u00e9rcio uma forma de adquirir produtos do cotidiano a pre\u00e7os mais acess\u00edveis&#8221;, destacou o parlamentar ao final da vota\u00e7\u00e3o.&nbsp; De acordo com Motta, as preocupa\u00e7\u00f5es da ind\u00fastria e do varejo nacionais,\u00a0setores que s\u00e3o contr\u00e1rios ao fim da taxa, ser\u00e3o debatidas para conciliar a prote\u00e7\u00e3o do poder de compra das fam\u00edlias e manter a competitividade da produ\u00e7\u00e3o brasileira. Altera\u00e7\u00f5es no texto Durante a tramita\u00e7\u00e3o, o texto foi modificado pela relatora na comiss\u00e3o especial mista, a senadora Leila Barros (PDT-DF).&nbsp; Uma das novidades introduzidas na medida \u00e9 a emenda que zera o imposto de importa\u00e7\u00e3o de medicamentos que n\u00e3o tenham similar no Brasil. O texto aprovado pela C\u00e2mara tamb\u00e9m prev\u00ea uma redu\u00e7\u00e3o de 60% para 30% da al\u00edquota de importa\u00e7\u00e3o para compras de at\u00e9 US$ 3 mil por remessas postais vindas do exterior.&nbsp; Outro ponto inclu\u00eddo \u00e9 a previs\u00e3o de avalia\u00e7\u00e3o peri\u00f3dica, pelo Minist\u00e9rio da Fazenda, dos efeitos econ\u00f4micos da isen\u00e7\u00e3o tarif\u00e1ria. Parlamentares da oposi\u00e7\u00e3o criticaram o teor da medida por dar vantagem a empresas estrangeiras em detrimento da ind\u00fastria nacional. &#8220;O exato benef\u00edcio fiscal que est\u00e1 sendo dado para o mesm\u00edssimo produto com o mesm\u00edssimo pre\u00e7o precisa ser dado para o brasileiro, para quem produz aqui, para quem ainda acredita no Brasil&#8221;, afirmou o deputado federal Gilson Marques (Novo-SC). &#8211; Pedro Rafael Vilela &#8211; Ag\u00eancia Brasil<\/p>\n","protected":false},"author":3,"featured_media":238751,"comment_status":"open","ping_status":"open","sticky":false,"template":"","format":"standard","meta":{"_seopress_robots_primary_cat":"none","_seopress_titles_title":"","_seopress_titles_desc":"","_seopress_robots_index":"","footnotes":""},"categories":[14],"tags":[2150],"class_list":["post-238748","post","type-post","status-publish","format-standard","has-post-thumbnail","hentry","category-politica","tag-destaque"],"_links":{"self":[{"href":"https:\/\/jornalhoje.inf.br\/wp\/wp-json\/wp\/v2\/posts\/238748","targetHints":{"allow":["GET"]}}],"collection":[{"href":"https:\/\/jornalhoje.inf.br\/wp\/wp-json\/wp\/v2\/posts"}],"about":[{"href":"https:\/\/jornalhoje.inf.br\/wp\/wp-json\/wp\/v2\/types\/post"}],"author":[{"embeddable":true,"href":"https:\/\/jornalhoje.inf.br\/wp\/wp-json\/wp\/v2\/users\/3"}],"replies":[{"embeddable":true,"href":"https:\/\/jornalhoje.inf.br\/wp\/wp-json\/wp\/v2\/comments?post=238748"}],"version-history":[{"count":1,"href":"https:\/\/jornalhoje.inf.br\/wp\/wp-json\/wp\/v2\/posts\/238748\/revisions"}],"predecessor-version":[{"id":238752,"href":"https:\/\/jornalhoje.inf.br\/wp\/wp-json\/wp\/v2\/posts\/238748\/revisions\/238752"}],"wp:featuredmedia":[{"embeddable":true,"href":"https:\/\/jornalhoje.inf.br\/wp\/wp-json\/wp\/v2\/media\/238751"}],"wp:attachment":[{"href":"https:\/\/jornalhoje.inf.br\/wp\/wp-json\/wp\/v2\/media?parent=238748"}],"wp:term":[{"taxonomy":"category","embeddable":true,"href":"https:\/\/jornalhoje.inf.br\/wp\/wp-json\/wp\/v2\/categories?post=238748"},{"taxonomy":"post_tag","embeddable":true,"href":"https:\/\/jornalhoje.inf.br\/wp\/wp-json\/wp\/v2\/tags?post=238748"}],"curies":[{"name":"wp","href":"https:\/\/api.w.org\/{rel}","templated":true}]}}