{"id":238753,"date":"2026-09-03T19:10:00","date_gmt":"2026-09-03T22:10:00","guid":{"rendered":"https:\/\/jornalhoje.inf.br\/wp\/?p=238753"},"modified":"2026-09-03T19:21:47","modified_gmt":"2026-09-03T22:21:47","slug":"procurador-defende-asfixia-financeira-no-combate-ao-crime-organizado","status":"publish","type":"post","link":"https:\/\/jornalhoje.inf.br\/wp\/procurador-defende-asfixia-financeira-no-combate-ao-crime-organizado\/","title":{"rendered":"Procurador defende asfixia financeira no combate ao crime organizado"},"content":{"rendered":"<div id=\"fb-root\"><\/div>\n\n<p><strong><em>Para ele, \u201c\u00e9 preciso identificar o crime como atividade empresarial&#8221;<\/em><\/strong>  &#8211;  O procurador-geral de Justi\u00e7a do Rio, Ant\u00f4nio Jos\u00e9 Campos Moreira, <strong>disse<\/strong> nessa quarta-feira (2), durante encontro com empres\u00e1rios promovido pelo Grupo de L\u00edderes Empresariais (Lide), que <strong>\u00e9 preciso identificar o crime como atividade empresarial<\/strong>, que concorre com todos.<img decoding=\"async\" src=\"https:\/\/agenciabrasil.ebc.com.br\/ebc.png?id=1701422&amp;o=node\"><img decoding=\"async\" src=\"https:\/\/agenciabrasil.ebc.com.br\/ebc.gif?id=1701422&amp;o=node\"><\/p>\n\n\n\n<p>Ao abordar os reflexos da criminalidade na ordem econ\u00f4mica e financeira, o procurador afirmou que o enfrentamento \u00e0s organiza\u00e7\u00f5es criminosas deve avan\u00e7ar sobre seu patrim\u00f4nio e seus fluxos financeiros, com prioridade para a investiga\u00e7\u00e3o patrimonial e a recupera\u00e7\u00e3o de ativos.<\/p>\n\n\n\n<blockquote class=\"wp-block-quote is-layout-flow wp-block-quote-is-layout-flow\">\n<p>&#8220;Prender, ainda que prender lideran\u00e7as, n\u00e3o \u00e9 suficiente&#8221;. &nbsp;disse Ant\u00f4nio Jos\u00e9 durante o debate. \u201cInvestigar, processar, condenar e prender permanece indispens\u00e1vel, mas precisa ser acompanhado de estrat\u00e9gias capazes de atingir a estrutura econ\u00f4mica das organiza\u00e7\u00f5es criminosas\u201d.<\/p>\n<\/blockquote>\n\n\n\n<p>O procurador-geral de Justi\u00e7a explicou que o Minist\u00e9rio P\u00fablico do Rio de Janeiro (MPRJ) vem direcionando sua atua\u00e7\u00e3o para a investiga\u00e7\u00e3o patrimonial e a recupera\u00e7\u00e3o de ativos, com o objetivo de asfixiar financeiramente esses grupos.<\/p>\n\n\n\n<blockquote class=\"wp-block-quote is-layout-flow wp-block-quote-is-layout-flow\">\n<p>&#8220;A investiga\u00e7\u00e3o patrimonial e a recupera\u00e7\u00e3o de ativos s\u00e3o, para n\u00f3s, o norte do enfrentamento da criminalidade organizada&#8221;.<\/p>\n<\/blockquote>\n\n\n\n<p>Ant\u00f4nio Jos\u00e9 afirmou ainda que <strong>a expans\u00e3o das fac\u00e7\u00f5es criminosas ultrapassou os limites da seguran\u00e7a p\u00fablica<\/strong>.<\/p>\n\n\n\n<blockquote class=\"wp-block-quote is-layout-flow wp-block-quote-is-layout-flow\">\n<p>&#8220;O Rio de Janeiro \u00e9 um estado fatiado, dividido e dominado territorialmente por fac\u00e7\u00f5es criminosas. \u00c9 um problema de seguran\u00e7a p\u00fablica, mas que transcende, que ultrapassa a seguran\u00e7a p\u00fablica. \u00c9 um problema de soberania&#8221;, acrescentou.<\/p>\n<\/blockquote>\n\n\n\n<p>Para ele, o dom\u00ednio territorial permitiu \u00e0s organiza\u00e7\u00f5es criminosas diversificar suas fontes de receita e avan\u00e7ar sobre atividades econ\u00f4micas l\u00edcitas.\u00a0Na sua opini\u00e3o,\u00a0o tr\u00e1fico de drogas tornou-se uma atividade econ\u00f4mica secund\u00e1ria no Rio diante da diversifica\u00e7\u00e3o dos neg\u00f3cios controlados pelas fac\u00e7\u00f5es.<\/p>\n\n\n\n<p>&#8220;Os impactos econ\u00f4micos e financeiros s\u00e3o enormes. S\u00e3o tributos que o Estado e os munic\u00edpios deixam de arrecadar. S\u00e3o empres\u00e1rios que poderiam estar empreendendo,\u00a0trabalhando&#8221;.  &#8211;   <em>Douglas Corr\u00eaa &#8211; Ag\u00eancia Brasil<\/em><\/p>\n\n\n\n<p><\/p>\n","protected":false},"excerpt":{"rendered":"<p>Para ele, \u201c\u00e9 preciso identificar o crime como atividade empresarial&#8221; &#8211; O procurador-geral de Justi\u00e7a do Rio, Ant\u00f4nio Jos\u00e9 Campos Moreira, disse nessa quarta-feira (2), durante encontro com empres\u00e1rios promovido pelo Grupo de L\u00edderes Empresariais (Lide), que \u00e9 preciso identificar o crime como atividade empresarial, que concorre com todos. Ao abordar os reflexos da criminalidade na ordem econ\u00f4mica e financeira, o procurador afirmou que o enfrentamento \u00e0s organiza\u00e7\u00f5es criminosas deve avan\u00e7ar sobre seu patrim\u00f4nio e seus fluxos financeiros, com prioridade para a investiga\u00e7\u00e3o patrimonial e a recupera\u00e7\u00e3o de ativos. &#8220;Prender, ainda que prender lideran\u00e7as, n\u00e3o \u00e9 suficiente&#8221;. &nbsp;disse Ant\u00f4nio Jos\u00e9 durante o debate. \u201cInvestigar, processar, condenar e prender permanece indispens\u00e1vel, mas precisa ser acompanhado de estrat\u00e9gias capazes de atingir a estrutura econ\u00f4mica das organiza\u00e7\u00f5es criminosas\u201d. O procurador-geral de Justi\u00e7a explicou que o Minist\u00e9rio P\u00fablico do Rio de Janeiro (MPRJ) vem direcionando sua atua\u00e7\u00e3o para a investiga\u00e7\u00e3o patrimonial e a recupera\u00e7\u00e3o de ativos, com o objetivo de asfixiar financeiramente esses grupos. &#8220;A investiga\u00e7\u00e3o patrimonial e a recupera\u00e7\u00e3o de ativos s\u00e3o, para n\u00f3s, o norte do enfrentamento da criminalidade organizada&#8221;. Ant\u00f4nio Jos\u00e9 afirmou ainda que a expans\u00e3o das fac\u00e7\u00f5es criminosas ultrapassou os limites da seguran\u00e7a p\u00fablica. &#8220;O Rio de Janeiro \u00e9 um estado fatiado, dividido e dominado territorialmente por fac\u00e7\u00f5es criminosas. \u00c9 um problema de seguran\u00e7a p\u00fablica, mas que transcende, que ultrapassa a seguran\u00e7a p\u00fablica. \u00c9 um problema de soberania&#8221;, acrescentou. Para ele, o dom\u00ednio territorial permitiu \u00e0s organiza\u00e7\u00f5es criminosas diversificar suas fontes de receita e avan\u00e7ar sobre atividades econ\u00f4micas l\u00edcitas.\u00a0Na sua opini\u00e3o,\u00a0o tr\u00e1fico de drogas tornou-se uma atividade econ\u00f4mica secund\u00e1ria no Rio diante da diversifica\u00e7\u00e3o dos neg\u00f3cios controlados pelas fac\u00e7\u00f5es. &#8220;Os impactos econ\u00f4micos e financeiros s\u00e3o enormes. S\u00e3o tributos que o Estado e os munic\u00edpios deixam de arrecadar. S\u00e3o empres\u00e1rios que poderiam estar empreendendo,\u00a0trabalhando&#8221;. &#8211; Douglas Corr\u00eaa &#8211; Ag\u00eancia Brasil<\/p>\n","protected":false},"author":3,"featured_media":238756,"comment_status":"open","ping_status":"open","sticky":false,"template":"","format":"standard","meta":{"_seopress_robots_primary_cat":"none","_seopress_titles_title":"","_seopress_titles_desc":"","_seopress_robots_index":"","footnotes":""},"categories":[16],"tags":[2150],"class_list":["post-238753","post","type-post","status-publish","format-standard","has-post-thumbnail","hentry","category-geral","tag-destaque"],"_links":{"self":[{"href":"https:\/\/jornalhoje.inf.br\/wp\/wp-json\/wp\/v2\/posts\/238753","targetHints":{"allow":["GET"]}}],"collection":[{"href":"https:\/\/jornalhoje.inf.br\/wp\/wp-json\/wp\/v2\/posts"}],"about":[{"href":"https:\/\/jornalhoje.inf.br\/wp\/wp-json\/wp\/v2\/types\/post"}],"author":[{"embeddable":true,"href":"https:\/\/jornalhoje.inf.br\/wp\/wp-json\/wp\/v2\/users\/3"}],"replies":[{"embeddable":true,"href":"https:\/\/jornalhoje.inf.br\/wp\/wp-json\/wp\/v2\/comments?post=238753"}],"version-history":[{"count":1,"href":"https:\/\/jornalhoje.inf.br\/wp\/wp-json\/wp\/v2\/posts\/238753\/revisions"}],"predecessor-version":[{"id":238757,"href":"https:\/\/jornalhoje.inf.br\/wp\/wp-json\/wp\/v2\/posts\/238753\/revisions\/238757"}],"wp:featuredmedia":[{"embeddable":true,"href":"https:\/\/jornalhoje.inf.br\/wp\/wp-json\/wp\/v2\/media\/238756"}],"wp:attachment":[{"href":"https:\/\/jornalhoje.inf.br\/wp\/wp-json\/wp\/v2\/media?parent=238753"}],"wp:term":[{"taxonomy":"category","embeddable":true,"href":"https:\/\/jornalhoje.inf.br\/wp\/wp-json\/wp\/v2\/categories?post=238753"},{"taxonomy":"post_tag","embeddable":true,"href":"https:\/\/jornalhoje.inf.br\/wp\/wp-json\/wp\/v2\/tags?post=238753"}],"curies":[{"name":"wp","href":"https:\/\/api.w.org\/{rel}","templated":true}]}}