{"id":238791,"date":"2026-09-04T10:38:49","date_gmt":"2026-09-04T13:38:49","guid":{"rendered":"https:\/\/jornalhoje.inf.br\/wp\/?p=238791"},"modified":"2026-09-04T10:38:50","modified_gmt":"2026-09-04T13:38:50","slug":"trens-e-metro-terao-operacao-especial-durante-o-rock-in-rio","status":"publish","type":"post","link":"https:\/\/jornalhoje.inf.br\/wp\/trens-e-metro-terao-operacao-especial-durante-o-rock-in-rio\/","title":{"rendered":"Trens e metr\u00f4 ter\u00e3o opera\u00e7\u00e3o especial durante o Rock in Rio"},"content":{"rendered":"<div id=\"fb-root\"><\/div>\n\n<p><strong><em>Esquema vai facilitar ida e retorno de passageiros para casa<\/em><\/strong>  &#8211;  Os trens urbanos do Rio e a concession\u00e1ria Metr\u00f4Rio v\u00e3o funcionar 24 horas, com programa\u00e7\u00e3o especial para facilitar a ida e o retorno para casa dos passageiros que v\u00e3o participar da abertura do Rock in Rio, que tem in\u00edcio nesta sexta-feira (4).<img decoding=\"async\" src=\"https:\/\/agenciabrasil.ebc.com.br\/ebc.png?id=1701511&amp;o=node\"><img decoding=\"async\" src=\"https:\/\/agenciabrasil.ebc.com.br\/ebc.gif?id=1701511&amp;o=node\"><\/p>\n\n\n\n<p>A Secretaria de Transporte e Mobilidade Urbana (Setram) orienta os passageiros que v\u00e3o ao Rock in Rio a planejarem com anteced\u00eancia seus deslocamentos. Durante os dias do festival, que ser\u00e1 realizado, entre os dias 4 e 7 de setembro e, na segunda fase, de 11 a 13 deste m\u00eas<\/p>\n\n\n\n<h2 class=\"wp-block-heading\">Trens<\/h2>\n\n\n\n<p>Pela primeira vez, as esta\u00e7\u00f5es Central do Brasil, Madureira e Deodoro ficar\u00e3o abertas durante toda a madrugada, com viagens extras de hora em hora. A finalidade \u00e9 facilitar a integra\u00e7\u00e3o com o sistema do metr\u00f4 (Central do Brasil) e BRT (Deodoro e Madureira) que atendem aos moradores e visitantes da cidade.<\/p>\n\n\n\n<p>Haver\u00e1 oferta de trens extras para o retorno do evento, com partidas de Deodoro com destino \u00e0 Central&nbsp;e da Central do Brasil com destino a Santa Cruz, Japeri, Saracuruna e Belford Roxo. As viagens ser\u00e3o realizadas de hora em hora durante a madrugada.<\/p>\n\n\n\n<h2 class=\"wp-block-heading\">Justi\u00e7a<\/h2>\n\n\n\n<p>O Tribunal de Justi\u00e7a do Rio estar\u00e1 presente em todos os dias do Rock in Rio para garantir o acesso \u00e0 Justi\u00e7a e assegurar os direitos do p\u00fablico. A expectativa \u00e9 de que cerca de 100 mil pessoas passem pela Cidade do Rock diariamente.<\/p>\n\n\n\n<p>O Juizado Especial do Torcedor e dos Grandes Eventos funcionar\u00e1 durante todo o festival, oferecendo atendimento ao p\u00fablico para situa\u00e7\u00f5es como furto de celular, problemas relacionados a ingressos, conflitos com a organiza\u00e7\u00e3o do evento, quest\u00f5es de consumo e casos de viol\u00eancia.<\/p>\n\n\n\n<p>O posto de atendimento ficar\u00e1 instalado na Arena Carioca 1, junto aos demais \u00f3rg\u00e3os p\u00fablicos, e funcionar\u00e1 das 14h at\u00e9 o encerramento das atividades do dia. O espa\u00e7o contar\u00e1 ainda com \u00e1rea de acolhimento destinada a v\u00edtimas de viol\u00eancia de g\u00eanero.<\/p>\n\n\n\n<p>Nos casos de pris\u00e3o em flagrante, as audi\u00eancias de cust\u00f3dia ser\u00e3o realizadas no pr\u00f3prio posto do juizado. A equipe contar\u00e1 diariamente com dois magistrados, um em cada turno, al\u00e9m de um juiz coordenador.   &#8211;   <em>Douglas Corr\u00eaa &#8211; Ag\u00eancia Brasil<\/em><\/p>\n","protected":false},"excerpt":{"rendered":"<p>Esquema vai facilitar ida e retorno de passageiros para casa &#8211; Os trens urbanos do Rio e a concession\u00e1ria Metr\u00f4Rio v\u00e3o funcionar 24 horas, com programa\u00e7\u00e3o especial para facilitar a ida e o retorno para casa dos passageiros que v\u00e3o participar da abertura do Rock in Rio, que tem in\u00edcio nesta sexta-feira (4). A Secretaria de Transporte e Mobilidade Urbana (Setram) orienta os passageiros que v\u00e3o ao Rock in Rio a planejarem com anteced\u00eancia seus deslocamentos. Durante os dias do festival, que ser\u00e1 realizado, entre os dias 4 e 7 de setembro e, na segunda fase, de 11 a 13 deste m\u00eas Trens Pela primeira vez, as esta\u00e7\u00f5es Central do Brasil, Madureira e Deodoro ficar\u00e3o abertas durante toda a madrugada, com viagens extras de hora em hora. A finalidade \u00e9 facilitar a integra\u00e7\u00e3o com o sistema do metr\u00f4 (Central do Brasil) e BRT (Deodoro e Madureira) que atendem aos moradores e visitantes da cidade. Haver\u00e1 oferta de trens extras para o retorno do evento, com partidas de Deodoro com destino \u00e0 Central&nbsp;e da Central do Brasil com destino a Santa Cruz, Japeri, Saracuruna e Belford Roxo. As viagens ser\u00e3o realizadas de hora em hora durante a madrugada. Justi\u00e7a O Tribunal de Justi\u00e7a do Rio estar\u00e1 presente em todos os dias do Rock in Rio para garantir o acesso \u00e0 Justi\u00e7a e assegurar os direitos do p\u00fablico. A expectativa \u00e9 de que cerca de 100 mil pessoas passem pela Cidade do Rock diariamente. O Juizado Especial do Torcedor e dos Grandes Eventos funcionar\u00e1 durante todo o festival, oferecendo atendimento ao p\u00fablico para situa\u00e7\u00f5es como furto de celular, problemas relacionados a ingressos, conflitos com a organiza\u00e7\u00e3o do evento, quest\u00f5es de consumo e casos de viol\u00eancia. O posto de atendimento ficar\u00e1 instalado na Arena Carioca 1, junto aos demais \u00f3rg\u00e3os p\u00fablicos, e funcionar\u00e1 das 14h at\u00e9 o encerramento das atividades do dia. O espa\u00e7o contar\u00e1 ainda com \u00e1rea de acolhimento destinada a v\u00edtimas de viol\u00eancia de g\u00eanero. Nos casos de pris\u00e3o em flagrante, as audi\u00eancias de cust\u00f3dia ser\u00e3o realizadas no pr\u00f3prio posto do juizado. A equipe contar\u00e1 diariamente com dois magistrados, um em cada turno, al\u00e9m de um juiz coordenador. &#8211; Douglas Corr\u00eaa &#8211; Ag\u00eancia Brasil<\/p>\n","protected":false},"author":3,"featured_media":238794,"comment_status":"open","ping_status":"open","sticky":false,"template":"","format":"standard","meta":{"_seopress_robots_primary_cat":"none","_seopress_titles_title":"","_seopress_titles_desc":"","_seopress_robots_index":"","footnotes":""},"categories":[16],"tags":[2150],"class_list":["post-238791","post","type-post","status-publish","format-standard","has-post-thumbnail","hentry","category-geral","tag-destaque"],"_links":{"self":[{"href":"https:\/\/jornalhoje.inf.br\/wp\/wp-json\/wp\/v2\/posts\/238791","targetHints":{"allow":["GET"]}}],"collection":[{"href":"https:\/\/jornalhoje.inf.br\/wp\/wp-json\/wp\/v2\/posts"}],"about":[{"href":"https:\/\/jornalhoje.inf.br\/wp\/wp-json\/wp\/v2\/types\/post"}],"author":[{"embeddable":true,"href":"https:\/\/jornalhoje.inf.br\/wp\/wp-json\/wp\/v2\/users\/3"}],"replies":[{"embeddable":true,"href":"https:\/\/jornalhoje.inf.br\/wp\/wp-json\/wp\/v2\/comments?post=238791"}],"version-history":[{"count":1,"href":"https:\/\/jornalhoje.inf.br\/wp\/wp-json\/wp\/v2\/posts\/238791\/revisions"}],"predecessor-version":[{"id":238795,"href":"https:\/\/jornalhoje.inf.br\/wp\/wp-json\/wp\/v2\/posts\/238791\/revisions\/238795"}],"wp:featuredmedia":[{"embeddable":true,"href":"https:\/\/jornalhoje.inf.br\/wp\/wp-json\/wp\/v2\/media\/238794"}],"wp:attachment":[{"href":"https:\/\/jornalhoje.inf.br\/wp\/wp-json\/wp\/v2\/media?parent=238791"}],"wp:term":[{"taxonomy":"category","embeddable":true,"href":"https:\/\/jornalhoje.inf.br\/wp\/wp-json\/wp\/v2\/categories?post=238791"},{"taxonomy":"post_tag","embeddable":true,"href":"https:\/\/jornalhoje.inf.br\/wp\/wp-json\/wp\/v2\/tags?post=238791"}],"curies":[{"name":"wp","href":"https:\/\/api.w.org\/{rel}","templated":true}]}}