{"id":80684,"date":"2018-06-04T21:17:01","date_gmt":"2018-06-05T00:17:01","guid":{"rendered":"https:\/\/jornalhoje.inf.br\/wp\/?p=80684"},"modified":"2018-06-04T21:17:01","modified_gmt":"2018-06-05T00:17:01","slug":"alemanha-chega-a-copa-da-russia-como-favorita","status":"publish","type":"post","link":"https:\/\/jornalhoje.inf.br\/wp\/alemanha-chega-a-copa-da-russia-como-favorita\/","title":{"rendered":"Alemanha chega \u00e0 Copa da R\u00fassia como favorita"},"content":{"rendered":"<div id=\"fb-root\"><\/div>\n<p>E l\u00e1 vem eles de novo. Se tem uma palavra que define a Alemanha \u00e9 planejamento. E essa palavra pode significar a quinta estrela mundial. Depois de fazer uma campanha fant\u00e1stica em 2014, coroada com o tetra no Brasil, e chegar a decis\u00f5es nos principais torneios entre sele\u00e7\u00f5es, os carrascos do sete a um chegam \u00e0 R\u00fassia mais uma vez como favoritos. Com uma base consolidada, um plantel recheado de estrelas e com a nova gera\u00e7\u00e3o pedindo passagem, os germ\u00e2nicos t\u00eam tudo para chegar longe na Copa.<br \/>\nParticipando de um Mundial pela 19\u00aa vez, os alem\u00e3es querem comprovar que futebol vai muito al\u00e9m de t\u00e1tica ou sorte. Depois de massacrar o Brasil na semifinal em 2014, naquele dia que todos n\u00f3s queremos esquecer, os alem\u00e3es levantaram o caneco contra a Argentina. Quatro anos depois, a Alemanha mant\u00e9m o padr\u00e3o de jogo, com toque de bola e movimenta\u00e7\u00e3o, e acumula bons resultados p\u00f3s-Copa.<br \/>\nEm 2016, com o time ol\u00edmpico repleto de garotos, a Alemanha chegou \u00e0 final no Rio de Janeiro, mas acabou perdendo para o Brasil, em um Maracan\u00e3 lotado. No ano passado, na Copa das Confedera\u00e7\u00f5es, o time alem\u00e3o levantou o caneco sem v\u00e1rias de suas estrelas, comprovando mais uma vez a for\u00e7a do elenco comandado minuciosamente por Joachim L\u00f6w, \u00e0 frente da sele\u00e7\u00e3o desde 2006.<br \/>\nO \u00fanico ponto fora da curva na trajet\u00f3ria dos alem\u00e3es at\u00e9 o Mundial foi durante a Euro de 2016, quando foram eliminados pela Fran\u00e7a, na semifinal, por dois a zero.<br \/>\nJ\u00e1 nas eliminat\u00f3rias europeias, o dom\u00ednio foi total. Em grupo com advers\u00e1rios bem mais fracos, como Irlanda do Norte, Rep\u00fablica Tcheca, Noruega, Azerbaij\u00e3o e San Marino, a Alemanha seguiu \u00e0 risca o que se espera de uma sele\u00e7\u00e3o tradicional. Dez vit\u00f3rias em dez jogos, 43 gols marcados e apenas quatro sofridos. A melhor campanha da Europa.<br \/>\nCom rela\u00e7\u00e3o \u00e0 \u00faltima Copa, a Alemanha sofreu algumas baixas consider\u00e1veis. Do plantel campe\u00e3o, alguns jogadores se aposentaram do time nacional. \u00c9 o caso do lateral Phillip Lahm, do incans\u00e1vel Bastian Schweinsteiger, e de Lucas Podolski. O veterano Miroslav Klose tamb\u00e9m encerrou suas atividades pela sele\u00e7\u00e3o alem\u00e3.<\/p>\n","protected":false},"excerpt":{"rendered":"<p>E l\u00e1 vem eles de novo. Se tem uma palavra que define a Alemanha \u00e9 planejamento. E essa palavra pode significar a quinta estrela mundial. Depois de fazer uma campanha fant\u00e1stica em 2014, coroada com o tetra no Brasil, e chegar a decis\u00f5es nos principais torneios entre sele\u00e7\u00f5es, os carrascos do sete a um chegam \u00e0 R\u00fassia mais uma vez como favoritos. Com uma base consolidada, um plantel recheado de estrelas e com a nova gera\u00e7\u00e3o pedindo passagem, os germ\u00e2nicos t\u00eam tudo para chegar longe na Copa. Participando de um Mundial pela 19\u00aa vez, os alem\u00e3es querem comprovar que futebol vai muito al\u00e9m de t\u00e1tica ou sorte. Depois de massacrar o Brasil na semifinal em 2014, naquele dia que todos n\u00f3s queremos esquecer, os alem\u00e3es levantaram o caneco contra a Argentina. Quatro anos depois, a Alemanha mant\u00e9m o padr\u00e3o de jogo, com toque de bola e movimenta\u00e7\u00e3o, e acumula bons resultados p\u00f3s-Copa. Em 2016, com o time ol\u00edmpico repleto de garotos, a Alemanha chegou \u00e0 final no Rio de Janeiro, mas acabou perdendo para o Brasil, em um Maracan\u00e3 lotado. No ano passado, na Copa das Confedera\u00e7\u00f5es, o time alem\u00e3o levantou o caneco sem v\u00e1rias de suas estrelas, comprovando mais uma vez a for\u00e7a do elenco comandado minuciosamente por Joachim L\u00f6w, \u00e0 frente da sele\u00e7\u00e3o desde 2006. O \u00fanico ponto fora da curva na trajet\u00f3ria dos alem\u00e3es at\u00e9 o Mundial foi durante a Euro de 2016, quando foram eliminados pela Fran\u00e7a, na semifinal, por dois a zero. J\u00e1 nas eliminat\u00f3rias europeias, o dom\u00ednio foi total. Em grupo com advers\u00e1rios bem mais fracos, como Irlanda do Norte, Rep\u00fablica Tcheca, Noruega, Azerbaij\u00e3o e San Marino, a Alemanha seguiu \u00e0 risca o que se espera de uma sele\u00e7\u00e3o tradicional. Dez vit\u00f3rias em dez jogos, 43 gols marcados e apenas quatro sofridos. A melhor campanha da Europa. Com rela\u00e7\u00e3o \u00e0 \u00faltima Copa, a Alemanha sofreu algumas baixas consider\u00e1veis. Do plantel campe\u00e3o, alguns jogadores se aposentaram do time nacional. \u00c9 o caso do lateral Phillip Lahm, do incans\u00e1vel Bastian Schweinsteiger, e de Lucas Podolski. O veterano Miroslav Klose tamb\u00e9m encerrou suas atividades pela sele\u00e7\u00e3o alem\u00e3.<\/p>\n","protected":false},"author":21,"featured_media":0,"comment_status":"open","ping_status":"open","sticky":false,"template":"","format":"standard","meta":{"_seopress_robots_primary_cat":"","_seopress_titles_title":"","_seopress_titles_desc":"","_seopress_robots_index":"","footnotes":""},"categories":[17],"tags":[],"class_list":["post-80684","post","type-post","status-publish","format-standard","hentry","category-esportes"],"_links":{"self":[{"href":"https:\/\/jornalhoje.inf.br\/wp\/wp-json\/wp\/v2\/posts\/80684","targetHints":{"allow":["GET"]}}],"collection":[{"href":"https:\/\/jornalhoje.inf.br\/wp\/wp-json\/wp\/v2\/posts"}],"about":[{"href":"https:\/\/jornalhoje.inf.br\/wp\/wp-json\/wp\/v2\/types\/post"}],"author":[{"embeddable":true,"href":"https:\/\/jornalhoje.inf.br\/wp\/wp-json\/wp\/v2\/users\/21"}],"replies":[{"embeddable":true,"href":"https:\/\/jornalhoje.inf.br\/wp\/wp-json\/wp\/v2\/comments?post=80684"}],"version-history":[{"count":1,"href":"https:\/\/jornalhoje.inf.br\/wp\/wp-json\/wp\/v2\/posts\/80684\/revisions"}],"predecessor-version":[{"id":80685,"href":"https:\/\/jornalhoje.inf.br\/wp\/wp-json\/wp\/v2\/posts\/80684\/revisions\/80685"}],"wp:attachment":[{"href":"https:\/\/jornalhoje.inf.br\/wp\/wp-json\/wp\/v2\/media?parent=80684"}],"wp:term":[{"taxonomy":"category","embeddable":true,"href":"https:\/\/jornalhoje.inf.br\/wp\/wp-json\/wp\/v2\/categories?post=80684"},{"taxonomy":"post_tag","embeddable":true,"href":"https:\/\/jornalhoje.inf.br\/wp\/wp-json\/wp\/v2\/tags?post=80684"}],"curies":[{"name":"wp","href":"https:\/\/api.w.org\/{rel}","templated":true}]}}