{"id":95324,"date":"2018-12-17T08:58:10","date_gmt":"2018-12-17T10:58:10","guid":{"rendered":"https:\/\/jornalhoje.inf.br\/wp\/?p=95324"},"modified":"2018-12-17T08:58:10","modified_gmt":"2018-12-17T10:58:10","slug":"capile-chega-ao-rio-e-deve-responder-por-homicidio-e-trafico-de-drogas","status":"publish","type":"post","link":"https:\/\/jornalhoje.inf.br\/wp\/capile-chega-ao-rio-e-deve-responder-por-homicidio-e-trafico-de-drogas\/","title":{"rendered":"Capil\u00e9 chega ao Rio e deve responder por homic\u00eddio e tr\u00e1fico de drogas"},"content":{"rendered":"<div id=\"fb-root\"><\/div>\n<p><img fetchpriority=\"high\" decoding=\"async\" class=\"size-medium wp-image-95325 alignleft\" src=\"https:\/\/jornalhoje.inf.br\/wp\/wp-content\/uploads\/2018\/12\/h4-8-300x200.jpg\" alt=\"\" width=\"300\" height=\"200\" srcset=\"https:\/\/jornalhoje.inf.br\/wp\/wp-content\/uploads\/2018\/12\/h4-8-300x200.jpg 300w, https:\/\/jornalhoje.inf.br\/wp\/wp-content\/uploads\/2018\/12\/h4-8-768x512.jpg 768w, https:\/\/jornalhoje.inf.br\/wp\/wp-content\/uploads\/2018\/12\/h4-8-1024x683.jpg 1024w, https:\/\/jornalhoje.inf.br\/wp\/wp-content\/uploads\/2018\/12\/h4-8.jpg 1140w\" sizes=\"(max-width: 300px) 100vw, 300px\" \/>O traficante Carlos Eduardo Sales Cardoso, conhecido como Capil\u00e9, j\u00e1 est\u00e1 no Rio de Janeiro, depois de ser extraditado pelo governo paraguaio e passar por Foz do Igua\u00e7u, no Paran\u00e1. De acordo com a \u00a0Secretaria Nacional Antidrogas do Paraguai (Senad), Capil\u00e9 foi\u00a0expulso do pa\u00eds\u00a0e entregue \u00e0s autoridades brasileiras.<\/p>\n<p>No Brasil, Capil\u00e9, que atuava no Rio de Janeiro, na regi\u00e3o da comunidade de Acari, zona norte da capital fluminense, responder\u00e1 pelos crimes de homic\u00eddio e tr\u00e1fico de drogas. Ele desembarcou ontem (16) \u00e0 noite na cidade.<\/p>\n<p>O chefe do tr\u00e1fico de Acari foi preso s\u00e1bado\u00a0(15) em Assun\u00e7\u00e3o, pela Senad e pela Pol\u00edcia Federal brasileira.<\/p>\n<p>Capil\u00e9, de 35 anos, tinha ordem de pris\u00e3o no Brasil por tr\u00e1fico de drogas e homic\u00eddio. Ele foi preso em uma casa de alto padr\u00e3o, em um bairro residencial da zona oeste da capital paraguaia.<\/p>\n<p>Na casa havia 86 rel\u00f3gios de luxo, al\u00e9m de R$ 3 mil em dinheiro e US$ 11.800, de acordo com a Senad.<\/p>\n<p>&nbsp;<\/p>\n","protected":false},"excerpt":{"rendered":"<p>O traficante Carlos Eduardo Sales Cardoso, conhecido como Capil\u00e9, j\u00e1 est\u00e1 no Rio de Janeiro, depois de ser extraditado pelo governo paraguaio e passar por Foz do Igua\u00e7u, no Paran\u00e1. De acordo com a \u00a0Secretaria Nacional Antidrogas do Paraguai (Senad), Capil\u00e9 foi\u00a0expulso do pa\u00eds\u00a0e entregue \u00e0s autoridades brasileiras. No Brasil, Capil\u00e9, que atuava no Rio de Janeiro, na regi\u00e3o da comunidade de Acari, zona norte da capital fluminense, responder\u00e1 pelos crimes de homic\u00eddio e tr\u00e1fico de drogas. Ele desembarcou ontem (16) \u00e0 noite na cidade. O chefe do tr\u00e1fico de Acari foi preso s\u00e1bado\u00a0(15) em Assun\u00e7\u00e3o, pela Senad e pela Pol\u00edcia Federal brasileira. Capil\u00e9, de 35 anos, tinha ordem de pris\u00e3o no Brasil por tr\u00e1fico de drogas e homic\u00eddio. Ele foi preso em uma casa de alto padr\u00e3o, em um bairro residencial da zona oeste da capital paraguaia. Na casa havia 86 rel\u00f3gios de luxo, al\u00e9m de R$ 3 mil em dinheiro e US$ 11.800, de acordo com a Senad. &nbsp;<\/p>\n","protected":false},"author":21,"featured_media":95325,"comment_status":"open","ping_status":"open","sticky":false,"template":"","format":"standard","meta":{"_seopress_robots_primary_cat":"","_seopress_titles_title":"","_seopress_titles_desc":"","_seopress_robots_index":"","footnotes":""},"categories":[30,16,31],"tags":[],"class_list":["post-95324","post","type-post","status-publish","format-standard","has-post-thumbnail","hentry","category-destaques","category-geral","category-principais"],"_links":{"self":[{"href":"https:\/\/jornalhoje.inf.br\/wp\/wp-json\/wp\/v2\/posts\/95324","targetHints":{"allow":["GET"]}}],"collection":[{"href":"https:\/\/jornalhoje.inf.br\/wp\/wp-json\/wp\/v2\/posts"}],"about":[{"href":"https:\/\/jornalhoje.inf.br\/wp\/wp-json\/wp\/v2\/types\/post"}],"author":[{"embeddable":true,"href":"https:\/\/jornalhoje.inf.br\/wp\/wp-json\/wp\/v2\/users\/21"}],"replies":[{"embeddable":true,"href":"https:\/\/jornalhoje.inf.br\/wp\/wp-json\/wp\/v2\/comments?post=95324"}],"version-history":[{"count":1,"href":"https:\/\/jornalhoje.inf.br\/wp\/wp-json\/wp\/v2\/posts\/95324\/revisions"}],"predecessor-version":[{"id":95326,"href":"https:\/\/jornalhoje.inf.br\/wp\/wp-json\/wp\/v2\/posts\/95324\/revisions\/95326"}],"wp:featuredmedia":[{"embeddable":true,"href":"https:\/\/jornalhoje.inf.br\/wp\/wp-json\/wp\/v2\/media\/95325"}],"wp:attachment":[{"href":"https:\/\/jornalhoje.inf.br\/wp\/wp-json\/wp\/v2\/media?parent=95324"}],"wp:term":[{"taxonomy":"category","embeddable":true,"href":"https:\/\/jornalhoje.inf.br\/wp\/wp-json\/wp\/v2\/categories?post=95324"},{"taxonomy":"post_tag","embeddable":true,"href":"https:\/\/jornalhoje.inf.br\/wp\/wp-json\/wp\/v2\/tags?post=95324"}],"curies":[{"name":"wp","href":"https:\/\/api.w.org\/{rel}","templated":true}]}}