{"id":97141,"date":"2019-01-21T11:33:39","date_gmt":"2019-01-21T13:33:39","guid":{"rendered":"https:\/\/jornalhoje.inf.br\/wp\/?p=97141"},"modified":"2019-01-21T11:33:39","modified_gmt":"2019-01-21T13:33:39","slug":"muito-jazz-e-diversao-durante-mais-uma-edicao-do-musica-na-natureza","status":"publish","type":"post","link":"https:\/\/jornalhoje.inf.br\/wp\/muito-jazz-e-diversao-durante-mais-uma-edicao-do-musica-na-natureza\/","title":{"rendered":"Muito jazz e divers\u00e3o durante mais uma edi\u00e7\u00e3o do \u2018M\u00fasica na Natureza\u2019"},"content":{"rendered":"<div id=\"fb-root\"><\/div>\n<p><img fetchpriority=\"high\" decoding=\"async\" class=\"size-medium wp-image-97142 alignleft\" src=\"https:\/\/jornalhoje.inf.br\/wp\/wp-content\/uploads\/2019\/01\/h4-300x200.jpeg\" alt=\"\" width=\"300\" height=\"200\" srcset=\"https:\/\/jornalhoje.inf.br\/wp\/wp-content\/uploads\/2019\/01\/h4-300x200.jpeg 300w, https:\/\/jornalhoje.inf.br\/wp\/wp-content\/uploads\/2019\/01\/h4-768x512.jpeg 768w, https:\/\/jornalhoje.inf.br\/wp\/wp-content\/uploads\/2019\/01\/h4-1024x683.jpeg 1024w, https:\/\/jornalhoje.inf.br\/wp\/wp-content\/uploads\/2019\/01\/h4.jpeg 1232w\" sizes=\"(max-width: 300px) 100vw, 300px\" \/>Foram 15 m\u00fasicas voltadas ao jazz, de artistas consagrados como Quincy Jones, Ray Charles e maestro Cip\u00f3, al\u00e9m de temas conhecidos, como a Pantera Cor de Rosa. Tudo isso tocado pelo grupo Baixada Jazz Big Band em meio ao verde e ar puro do Parque Natural Municipal de Nova Igua\u00e7u (Parque do Vulc\u00e3o), neste domingo (20), durante a 8 edi\u00e7\u00e3o do projeto M\u00fasica na Natureza.\u00a0 O evento \u00e9 realizado pela Prefeitura, atrav\u00e9s da Secretaria de Meio Ambiente, Agricultura, Desenvolvimento Econ\u00f4mico e Turismo e j\u00e1 levou diversos estilos musicais como jazz, chorinho, m\u00fasica cl\u00e1ssica, orquestra, samba e at\u00e9 um tributo ao cantor Em\u00edlio Santiago.<\/p>\n<p>A apresenta\u00e7\u00e3o deste domingo fez parte das festividades do anivers\u00e1rio de 186 anos da cidade. &#8220;Temos obtido resultados fant\u00e1sticos com o M\u00fasica na Natureza. O Parque fica no cora\u00e7\u00e3o do munic\u00edpio e cada vez mais vem gente pra c\u00e1, e muitos s\u00e3o de fora de Nova Igua\u00e7u&#8221;, afirma o secret\u00e1rio de Meio Ambiente, Agricultura, Desenvolvimento Econ\u00f4mico e Turismo, Fernando Cid.<\/p>\n<p>Al\u00e9m do aumento da frequ\u00eancia de pessoas no parque, Fernando\u00a0 Cid comemora tamb\u00e9m a libera\u00e7\u00e3o de recursos para construir o alojamento dos guardas ambientais e pesquisadores. &#8220;Os alojamentos v\u00e3o ser entregues ainda este ano\u201d, garantiu ele.<\/p>\n<p>Altair Martins, diretor musical do grupo Baixada Jazz Big Band, fundada em Nova Igua\u00e7u h\u00e1 oito anos, disse que tocar em meio \u00e0 natureza \u00e9 uma experi\u00eancia \u00fanica.<\/p>\n<p>\u201c\u00c9 inspirador tocar aqui, pois \u00e9 um lugar lindo, agrad\u00e1vel e vemos muita gente feliz por estar num ambiente como este. Foi um dia especial e diferente para todos n\u00f3s da banda\u201d, disse ele.<\/p>\n<p>Bi\u00f3loga e professora, Viviane Maciel, de 41 anos, veio do bairro Tomazinho, em S\u00e3o Jo\u00e3o de Meriti, com duas amigas para acompanhar o evento e afirmou que vai voltar outras vezes com mais pessoas para desfrutar as belezas do parque.<\/p>\n<p>\u201cConhe\u00e7o o Parque desde 2004 quando fiz servi\u00e7os volunt\u00e1rios. Vim pela primeira vez para participar do projeto como visitante e al\u00e9m de escutar muita m\u00fasica boa, ainda fa\u00e7o trilhas no local\u201d, afirmou Viviane, que trouxe as amigas Carla e Val\u00e9ria.<\/p>\n<p>Moradora de Anchieta, no sub\u00farbio do Rio, a dona de casa Maria Neci, 65, veio com tr\u00eas amigas de Mesquita pela quarta vez no projeto M\u00fasica na Natureza. Ela e o grupo trouxeram frutas, sucos, bolos e sanduiches para passar o dia no Parque.\u00a0 \u201c\u00c9 a minha nova op\u00e7\u00e3o de lazer aos domingos e hoje foi especial, pois andei em meio \u00e0 natureza ouvindo jazz. Vim para dan\u00e7ar, me divertir e recarregar as energias para encarar a semana. Vir aqui melhora a sa\u00fade e a autoestima. Ainda frequento as cachoeiras, como o V\u00e9u de Noiva, Janela do C\u00e9u e Esmeralda. O neg\u00f3cio \u00e9 se refrescar\u201d, brincou.<\/p>\n<p>Quem n\u00e3o trouxe lanche, n\u00e3o ficou com fome. No local, havia barracas padronizadas pela Prefeitura com comerciantes locais, que puderam vender comida de qualidade e garantir uma renda extra.\u00a0 Foi o caso da moradora do K-11, Andreia Kely Valad\u00e3o, de 41 anos.<\/p>\n<p>\u201cVendo bolo, pastel e batata frita e d\u00e1 para tirar um lucro de R$ 200 por evento. \u00c9 uma renda extra que ajuda muito em casa. O importante \u00e9 que a prefeitura est\u00e1 valorizando o comerciante local do K-11 que pode trabalhar no parque durante o M\u00fasica na Natureza\u201d, comemorou.<\/p>\n<p>&nbsp;<\/p>\n<p>O vice-prefeito de Nova Igua\u00e7u, Carlos Ferreira, o Ferreirinha, representou o prefeito Rogerio Lisboa e frisou que o local pode ser t\u00e3o frequentado como P\u00e3o de A\u00e7\u00facar ou a Quinta da Boa Vista, por exemplo.<\/p>\n<p>\u201cO Parque \u00e9 um patrim\u00f4nio natural e que algumas pessoas de Nova Igua\u00e7u n\u00e3o conhecem. Nossa ideia \u00e9 cada vez mais investir aqui para atrair mais gente. Aqui n\u00e3o deve nada a regi\u00e3o nenhuma, como P\u00e3o de A\u00e7\u00facar, Quinta da Boa Vista, entre outros. \u00c9 um local lindo perto de casa\u201d, comentou.<\/p>\n<p>&nbsp;<\/p>\n","protected":false},"excerpt":{"rendered":"<p>Foram 15 m\u00fasicas voltadas ao jazz, de artistas consagrados como Quincy Jones, Ray Charles e maestro Cip\u00f3, al\u00e9m de temas conhecidos, como a Pantera Cor de Rosa. Tudo isso tocado pelo grupo Baixada Jazz Big Band em meio ao verde e ar puro do Parque Natural Municipal de Nova Igua\u00e7u (Parque do Vulc\u00e3o), neste domingo (20), durante a 8 edi\u00e7\u00e3o do projeto M\u00fasica na Natureza.\u00a0 O evento \u00e9 realizado pela Prefeitura, atrav\u00e9s da Secretaria de Meio Ambiente, Agricultura, Desenvolvimento Econ\u00f4mico e Turismo e j\u00e1 levou diversos estilos musicais como jazz, chorinho, m\u00fasica cl\u00e1ssica, orquestra, samba e at\u00e9 um tributo ao cantor Em\u00edlio Santiago. A apresenta\u00e7\u00e3o deste domingo fez parte das festividades do anivers\u00e1rio de 186 anos da cidade. &#8220;Temos obtido resultados fant\u00e1sticos com o M\u00fasica na Natureza. O Parque fica no cora\u00e7\u00e3o do munic\u00edpio e cada vez mais vem gente pra c\u00e1, e muitos s\u00e3o de fora de Nova Igua\u00e7u&#8221;, afirma o secret\u00e1rio de Meio Ambiente, Agricultura, Desenvolvimento Econ\u00f4mico e Turismo, Fernando Cid. Al\u00e9m do aumento da frequ\u00eancia de pessoas no parque, Fernando\u00a0 Cid comemora tamb\u00e9m a libera\u00e7\u00e3o de recursos para construir o alojamento dos guardas ambientais e pesquisadores. &#8220;Os alojamentos v\u00e3o ser entregues ainda este ano\u201d, garantiu ele. Altair Martins, diretor musical do grupo Baixada Jazz Big Band, fundada em Nova Igua\u00e7u h\u00e1 oito anos, disse que tocar em meio \u00e0 natureza \u00e9 uma experi\u00eancia \u00fanica. \u201c\u00c9 inspirador tocar aqui, pois \u00e9 um lugar lindo, agrad\u00e1vel e vemos muita gente feliz por estar num ambiente como este. Foi um dia especial e diferente para todos n\u00f3s da banda\u201d, disse ele. Bi\u00f3loga e professora, Viviane Maciel, de 41 anos, veio do bairro Tomazinho, em S\u00e3o Jo\u00e3o de Meriti, com duas amigas para acompanhar o evento e afirmou que vai voltar outras vezes com mais pessoas para desfrutar as belezas do parque. \u201cConhe\u00e7o o Parque desde 2004 quando fiz servi\u00e7os volunt\u00e1rios. Vim pela primeira vez para participar do projeto como visitante e al\u00e9m de escutar muita m\u00fasica boa, ainda fa\u00e7o trilhas no local\u201d, afirmou Viviane, que trouxe as amigas Carla e Val\u00e9ria. Moradora de Anchieta, no sub\u00farbio do Rio, a dona de casa Maria Neci, 65, veio com tr\u00eas amigas de Mesquita pela quarta vez no projeto M\u00fasica na Natureza. Ela e o grupo trouxeram frutas, sucos, bolos e sanduiches para passar o dia no Parque.\u00a0 \u201c\u00c9 a minha nova op\u00e7\u00e3o de lazer aos domingos e hoje foi especial, pois andei em meio \u00e0 natureza ouvindo jazz. Vim para dan\u00e7ar, me divertir e recarregar as energias para encarar a semana. Vir aqui melhora a sa\u00fade e a autoestima. Ainda frequento as cachoeiras, como o V\u00e9u de Noiva, Janela do C\u00e9u e Esmeralda. O neg\u00f3cio \u00e9 se refrescar\u201d, brincou. Quem n\u00e3o trouxe lanche, n\u00e3o ficou com fome. No local, havia barracas padronizadas pela Prefeitura com comerciantes locais, que puderam vender comida de qualidade e garantir uma renda extra.\u00a0 Foi o caso da moradora do K-11, Andreia Kely Valad\u00e3o, de 41 anos. \u201cVendo bolo, pastel e batata frita e d\u00e1 para tirar um lucro de R$ 200 por evento. \u00c9 uma renda extra que ajuda muito em casa. O importante \u00e9 que a prefeitura est\u00e1 valorizando o comerciante local do K-11 que pode trabalhar no parque durante o M\u00fasica na Natureza\u201d, comemorou. &nbsp; O vice-prefeito de Nova Igua\u00e7u, Carlos Ferreira, o Ferreirinha, representou o prefeito Rogerio Lisboa e frisou que o local pode ser t\u00e3o frequentado como P\u00e3o de A\u00e7\u00facar ou a Quinta da Boa Vista, por exemplo. \u201cO Parque \u00e9 um patrim\u00f4nio natural e que algumas pessoas de Nova Igua\u00e7u n\u00e3o conhecem. Nossa ideia \u00e9 cada vez mais investir aqui para atrair mais gente. Aqui n\u00e3o deve nada a regi\u00e3o nenhuma, como P\u00e3o de A\u00e7\u00facar, Quinta da Boa Vista, entre outros. \u00c9 um local lindo perto de casa\u201d, comentou. &nbsp;<\/p>\n","protected":false},"author":21,"featured_media":97142,"comment_status":"open","ping_status":"open","sticky":false,"template":"","format":"standard","meta":{"_seopress_robots_primary_cat":"","_seopress_titles_title":"","_seopress_titles_desc":"","_seopress_robots_index":"","footnotes":""},"categories":[13,31],"tags":[],"class_list":["post-97141","post","type-post","status-publish","format-standard","has-post-thumbnail","hentry","category-baixada","category-principais"],"_links":{"self":[{"href":"https:\/\/jornalhoje.inf.br\/wp\/wp-json\/wp\/v2\/posts\/97141","targetHints":{"allow":["GET"]}}],"collection":[{"href":"https:\/\/jornalhoje.inf.br\/wp\/wp-json\/wp\/v2\/posts"}],"about":[{"href":"https:\/\/jornalhoje.inf.br\/wp\/wp-json\/wp\/v2\/types\/post"}],"author":[{"embeddable":true,"href":"https:\/\/jornalhoje.inf.br\/wp\/wp-json\/wp\/v2\/users\/21"}],"replies":[{"embeddable":true,"href":"https:\/\/jornalhoje.inf.br\/wp\/wp-json\/wp\/v2\/comments?post=97141"}],"version-history":[{"count":1,"href":"https:\/\/jornalhoje.inf.br\/wp\/wp-json\/wp\/v2\/posts\/97141\/revisions"}],"predecessor-version":[{"id":97143,"href":"https:\/\/jornalhoje.inf.br\/wp\/wp-json\/wp\/v2\/posts\/97141\/revisions\/97143"}],"wp:featuredmedia":[{"embeddable":true,"href":"https:\/\/jornalhoje.inf.br\/wp\/wp-json\/wp\/v2\/media\/97142"}],"wp:attachment":[{"href":"https:\/\/jornalhoje.inf.br\/wp\/wp-json\/wp\/v2\/media?parent=97141"}],"wp:term":[{"taxonomy":"category","embeddable":true,"href":"https:\/\/jornalhoje.inf.br\/wp\/wp-json\/wp\/v2\/categories?post=97141"},{"taxonomy":"post_tag","embeddable":true,"href":"https:\/\/jornalhoje.inf.br\/wp\/wp-json\/wp\/v2\/tags?post=97141"}],"curies":[{"name":"wp","href":"https:\/\/api.w.org\/{rel}","templated":true}]}}