{"id":98495,"date":"2019-03-28T00:26:24","date_gmt":"2019-03-28T03:26:24","guid":{"rendered":"https:\/\/jornalhoje.inf.br\/wp\/?p=98495"},"modified":"2019-03-28T00:26:24","modified_gmt":"2019-03-28T03:26:24","slug":"no-rio-into-tem-fila-de-espera-de-125-mil-pacientes-para-cirurgia","status":"publish","type":"post","link":"https:\/\/jornalhoje.inf.br\/wp\/no-rio-into-tem-fila-de-espera-de-125-mil-pacientes-para-cirurgia\/","title":{"rendered":"No Rio, Into tem fila de espera de  12,5 mil pacientes para cirurgia"},"content":{"rendered":"<div id=\"fb-root\"><\/div>\n<figure id=\"attachment_98496\" aria-describedby=\"caption-attachment-98496\" style=\"width: 300px\" class=\"wp-caption alignleft\"><img fetchpriority=\"high\" decoding=\"async\" class=\"wp-image-98496 size-medium\" src=\"https:\/\/jornalhoje.inf.br\/wp\/wp-content\/uploads\/2019\/03\/190327-H106-300x195.jpeg\" alt=\"\" width=\"300\" height=\"195\" srcset=\"https:\/\/jornalhoje.inf.br\/wp\/wp-content\/uploads\/2019\/03\/190327-H106-300x195.jpeg 300w, https:\/\/jornalhoje.inf.br\/wp\/wp-content\/uploads\/2019\/03\/190327-H106.jpeg 400w\" sizes=\"(max-width: 300px) 100vw, 300px\" \/><figcaption id=\"caption-attachment-98496\" class=\"wp-caption-text\">(Governo Federal)<\/figcaption><\/figure>\n<p>O Instituto Nacional de Traumatologia e Ortopedia Jamil Haddad (Into) est\u00e1 com uma lista de espera de 12,5 mil pacientes para cirurgias. A informa\u00e7\u00e3o \u00e9 do defensor p\u00fablico federal Daniel Macedo, titular do 2\u00ba Of\u00edcio Regional dos Direitos Humanos da Defensoria P\u00fablica (DPU) do Rio de Janeiro, ap\u00f3s fazer vistoria\u00a0na segunda-feira \u00a0(25) em um dos principais hospitais de cirurgias ortop\u00e9dicas do pa\u00eds. Este n\u00famero n\u00e3o leva em conta os pacientes que se encontram em filas para consultas m\u00e9dicas.<br \/>\n\u201cA unidade est\u00e1 totalmente desabastecida de \u00f3rteses e pr\u00f3teses\u201d, e as cirurgias est\u00e3o suspensas desde dezembro, disse Macedo.<br \/>\nPara ser operado no Into, o paciente tem que passar primeiro por uma consulta que vai definir a linha de cuidados que deve seguir. \u201cHoje, os pacientes aguardam at\u00e9 10 anos para chegar \u00e0 ponta do leito cir\u00fargico e realizar a cirurgia\u201d, afirmou o defensor p\u00fablico.<br \/>\nEm 2014, foi proposta a\u00e7\u00e3o coletiva que terminou em acordo entre a DPU e o Into. O acordo estabeleceu a meta de 10,74 mil cirurgias por ano para o instituto. \u201cEssas cirurgias n\u00e3o ocorreram. O Into n\u00e3o alcan\u00e7ou a meta\u201d, disse Macedo.<\/p>\n<p>No ano passado, por exemplo, foram feitas pelo Into somente 7,2 mil cirurgias. \u201cE lembrando que 95% das cirurgias n\u00e3o necessitam de \u00f3rteses e pr\u00f3teses\u201d, salientou o defensor.<br \/>\nLava Jato<br \/>\nO Into est\u00e1 h\u00e1 oito meses sem diretor. Macedo lembrou que os \u00faltimos indicados para o cargo foram presos em desdobramentos da Opera\u00e7\u00e3o Lava Jato. De acordo com o defensor p\u00fablico, a Secretaria de Aten\u00e7\u00e3o \u00e0 Sa\u00fade do Minist\u00e9rio da Sa\u00fade &#8220;sabe dessa problem\u00e1tica h\u00e1 pelo menos oito meses\u201d..<br \/>\nDaniel Macedo descartou que haja m\u00e1 vontado da equipe de funcion\u00e1rios do Into para atender os pacientes. Segundo ele, a unidade conta com com m\u00e9dicos de primeira e n\u00e3o falta pessoal. &#8220;H\u00e1 m\u00e9dicos com disposi\u00e7\u00e3o para o trabalho, residentes que precisam fazer cirurgias, mas, infelizmente, h\u00e1 um problema administrativo e pol\u00edtico na indica\u00e7\u00e3o de um novo diretor e um grave problema nos procedimentos licitat\u00f3rios que estamos tentando identificar.\u201d<br \/>\nO defensor p\u00fablico acrescentou que o almoxarifado do Into est\u00e1 desabastecido e disse que essa situa\u00e7\u00e3o pode continuar, caso n\u00e3o seja tomada uma atitude. Macedo mencionou ainda o caso dos\u00a0kits\u00a0para cirurgias ortop\u00e9dicas, dizendo que, se faltar um componente nos\u00a0kits, \u201cj\u00e1 era\u201d . Segundo a DPU, o Into recebe em torno de 6.582 novos casos por ano.<br \/>\nDire\u00e7\u00e3o t\u00e9cnica<br \/>\nA Defensoria P\u00fablica da Uni\u00e3o no Rio\u00a0de Janeiro\u00a0vai aguardar relat\u00f3rio do Conselho Regional de Medicina do Estado do Rio\u00a0de Janeiro\u00a0(Cremerj) e do Departamento Nacional de Auditoria do Sistema \u00danico de Sa\u00fade (Denasus) para encaminhar peti\u00e7\u00e3o \u00e0 Justi\u00e7a relativa ao descumprimento do acordo firmado em 2014. Para Daniel Macedo, \u00e9 preciso que o ministro da Sa\u00fade, Luiz Henrique Mandetta, \u201cque j\u00e1 havia prometido um choque de gest\u00e3o na \u00e1rea federal\u201d, nomeie um diretor t\u00e9cnico para o Instituto, com capacidade de gest\u00e3o e conduta ilibada e que tenha probidade.<\/p>\n<p>\u201cEnquanto o crit\u00e9rio n\u00e3o for de meritocracia, a situa\u00e7\u00e3o vai continuar assim\u201d, afirmou Daniel Macedo, que pretende propor nova a\u00e7\u00e3o por danos morais coletivos contra o Into. Em 2014, a DPU freou essa pretens\u00e3o porque o Into garantiu que cumpriria a meta definida. \u201cAgora, infelizmente, vamosi\u00a0ter\u00a0que voltar com esse pedido de indeniza\u00e7\u00e3o por dano moral coletivo.\u201d<br \/>\nMacedo informou que a DPU pretende questionar os respons\u00e1veis pela Secretaria de Aten\u00e7\u00e3o \u00e0 Sa\u00fade, que, segundo ele, est\u00e3o cientes de toda a problem\u00e1tica e continuam omissos. &#8220;At\u00e9 agora nada.&#8221; O pedido de indeniza\u00e7\u00e3o ser\u00e1 estruturado nos pr\u00f3ximos dias e dever\u00e1 ser encaminhado \u00e0 Justi\u00e7a no m\u00eas que vem. O objetivo \u00e9 requerer medidas executivas para que o Into seja reabastecido e volte a realizar cirurgias. N\u00e3o est\u00e1 descartado pedido de multa \u00e0 Uni\u00e3o e \u00e0 Secretaria de Aten\u00e7\u00e3o \u00e0 Sa\u00fade.<br \/>\nUma recomenda\u00e7\u00e3o dever\u00e1 ser enviada ao Ministro da Sa\u00fade na pr\u00f3xima semana, para que seja tomada uma solu\u00e7\u00e3o efetiva para as crises enfrentadas pelo hospital, acrescentou o defensor.<br \/>\nInto<br \/>\nEm nota, o Instituto Nacional de Traumatologia e Ortopedia (Into) diz que o desabastecimento de \u00f3rteses, pr\u00f3tese e materiais especiais na unidade de sa\u00fade \u00e9 causado \u201cpela falta de interessados nos editais de compra, pelos processos de investiga\u00e7\u00e3o de fornecedores nacionais e pelas dificuldades na execu\u00e7\u00e3o de processos de licita\u00e7\u00e3o\u201d.<br \/>\nDe acordo com o texto, o Into e o Minist\u00e9rio da Sa\u00fade v\u00eam tomando provid\u00eancias para resolver o desabastecimento, entre as quais a abertura de novos processos licitat\u00f3rios e ades\u00f5es de atas vigentes. Entre as dificuldades, o Into cita a suspens\u00e3o de processos licitat\u00f3rios pelos \u00f3rg\u00e3os de controle; a falta de empresas no mercado nacional; licita\u00e7\u00f5es fracassadas e licita\u00e7\u00f5es desertas.<br \/>\nA nota informa ainda que o \u201cMinist\u00e9rio da Sa\u00fade e o Into apresentaram aos \u00f3rg\u00e3os Defensoria P\u00fablica da Uni\u00e3o, Minist\u00e9rio P\u00fablico Federal e Advocacia Geral da Uni\u00e3o um panorama das dificuldades enfrentadas e as medidas que est\u00e3o sendo adotadas. \u201cDesta forma, todos os esfor\u00e7os para que a popula\u00e7\u00e3o n\u00e3o seja prejudicada est\u00e3o sendo realizados\u201d, diz o Into.<br \/>\nQuanto \u00e0 nomea\u00e7\u00e3o de um novo diretor, o Into disse apenas que tem &#8220;profissionais nomeados na coordena\u00e7\u00e3o administrativa e na ordena\u00e7\u00e3o de despesas, possibilitando que os processos operacionais continuem em andamento\u201d.<br \/>\nCremerj<br \/>\nEm nota divulgada \u00e0 tarde, o presidente do Conselho Regional de Medicina do Rio de Janeiro (Cremerj), Sylvio Provenzano, diz que est\u00e1 acompanhando de perto, \u201cjunto com Departamento de Gest\u00e3o Hospitalar do Minist\u00e9rio da Sa\u00fade\u201d, a situa\u00e7\u00e3o dos hospitais federais no Rio. De acordo com Provenzano, o objetivo \u00e9 \u201capurar com o m\u00e1ximo rigor todos os fatos assinalados por vistorias realizadas nas unidades, como no Into, nesta segunda-feira\u201d.<\/p>\n","protected":false},"excerpt":{"rendered":"<p>O Instituto Nacional de Traumatologia e Ortopedia Jamil Haddad (Into) est\u00e1 com uma lista de espera de 12,5 mil pacientes para cirurgias. A informa\u00e7\u00e3o \u00e9 do defensor p\u00fablico federal Daniel Macedo, titular do 2\u00ba Of\u00edcio Regional dos Direitos Humanos da Defensoria P\u00fablica (DPU) do Rio de Janeiro, ap\u00f3s fazer vistoria\u00a0na segunda-feira \u00a0(25) em um dos principais hospitais de cirurgias ortop\u00e9dicas do pa\u00eds. Este n\u00famero n\u00e3o leva em conta os pacientes que se encontram em filas para consultas m\u00e9dicas. \u201cA unidade est\u00e1 totalmente desabastecida de \u00f3rteses e pr\u00f3teses\u201d, e as cirurgias est\u00e3o suspensas desde dezembro, disse Macedo. Para ser operado no Into, o paciente tem que passar primeiro por uma consulta que vai definir a linha de cuidados que deve seguir. \u201cHoje, os pacientes aguardam at\u00e9 10 anos para chegar \u00e0 ponta do leito cir\u00fargico e realizar a cirurgia\u201d, afirmou o defensor p\u00fablico. Em 2014, foi proposta a\u00e7\u00e3o coletiva que terminou em acordo entre a DPU e o Into. O acordo estabeleceu a meta de 10,74 mil cirurgias por ano para o instituto. \u201cEssas cirurgias n\u00e3o ocorreram. O Into n\u00e3o alcan\u00e7ou a meta\u201d, disse Macedo. No ano passado, por exemplo, foram feitas pelo Into somente 7,2 mil cirurgias. \u201cE lembrando que 95% das cirurgias n\u00e3o necessitam de \u00f3rteses e pr\u00f3teses\u201d, salientou o defensor. Lava Jato O Into est\u00e1 h\u00e1 oito meses sem diretor. Macedo lembrou que os \u00faltimos indicados para o cargo foram presos em desdobramentos da Opera\u00e7\u00e3o Lava Jato. De acordo com o defensor p\u00fablico, a Secretaria de Aten\u00e7\u00e3o \u00e0 Sa\u00fade do Minist\u00e9rio da Sa\u00fade &#8220;sabe dessa problem\u00e1tica h\u00e1 pelo menos oito meses\u201d.. Daniel Macedo descartou que haja m\u00e1 vontado da equipe de funcion\u00e1rios do Into para atender os pacientes. Segundo ele, a unidade conta com com m\u00e9dicos de primeira e n\u00e3o falta pessoal. &#8220;H\u00e1 m\u00e9dicos com disposi\u00e7\u00e3o para o trabalho, residentes que precisam fazer cirurgias, mas, infelizmente, h\u00e1 um problema administrativo e pol\u00edtico na indica\u00e7\u00e3o de um novo diretor e um grave problema nos procedimentos licitat\u00f3rios que estamos tentando identificar.\u201d O defensor p\u00fablico acrescentou que o almoxarifado do Into est\u00e1 desabastecido e disse que essa situa\u00e7\u00e3o pode continuar, caso n\u00e3o seja tomada uma atitude. Macedo mencionou ainda o caso dos\u00a0kits\u00a0para cirurgias ortop\u00e9dicas, dizendo que, se faltar um componente nos\u00a0kits, \u201cj\u00e1 era\u201d . Segundo a DPU, o Into recebe em torno de 6.582 novos casos por ano. Dire\u00e7\u00e3o t\u00e9cnica A Defensoria P\u00fablica da Uni\u00e3o no Rio\u00a0de Janeiro\u00a0vai aguardar relat\u00f3rio do Conselho Regional de Medicina do Estado do Rio\u00a0de Janeiro\u00a0(Cremerj) e do Departamento Nacional de Auditoria do Sistema \u00danico de Sa\u00fade (Denasus) para encaminhar peti\u00e7\u00e3o \u00e0 Justi\u00e7a relativa ao descumprimento do acordo firmado em 2014. Para Daniel Macedo, \u00e9 preciso que o ministro da Sa\u00fade, Luiz Henrique Mandetta, \u201cque j\u00e1 havia prometido um choque de gest\u00e3o na \u00e1rea federal\u201d, nomeie um diretor t\u00e9cnico para o Instituto, com capacidade de gest\u00e3o e conduta ilibada e que tenha probidade. \u201cEnquanto o crit\u00e9rio n\u00e3o for de meritocracia, a situa\u00e7\u00e3o vai continuar assim\u201d, afirmou Daniel Macedo, que pretende propor nova a\u00e7\u00e3o por danos morais coletivos contra o Into. Em 2014, a DPU freou essa pretens\u00e3o porque o Into garantiu que cumpriria a meta definida. \u201cAgora, infelizmente, vamosi\u00a0ter\u00a0que voltar com esse pedido de indeniza\u00e7\u00e3o por dano moral coletivo.\u201d Macedo informou que a DPU pretende questionar os respons\u00e1veis pela Secretaria de Aten\u00e7\u00e3o \u00e0 Sa\u00fade, que, segundo ele, est\u00e3o cientes de toda a problem\u00e1tica e continuam omissos. &#8220;At\u00e9 agora nada.&#8221; O pedido de indeniza\u00e7\u00e3o ser\u00e1 estruturado nos pr\u00f3ximos dias e dever\u00e1 ser encaminhado \u00e0 Justi\u00e7a no m\u00eas que vem. O objetivo \u00e9 requerer medidas executivas para que o Into seja reabastecido e volte a realizar cirurgias. N\u00e3o est\u00e1 descartado pedido de multa \u00e0 Uni\u00e3o e \u00e0 Secretaria de Aten\u00e7\u00e3o \u00e0 Sa\u00fade. Uma recomenda\u00e7\u00e3o dever\u00e1 ser enviada ao Ministro da Sa\u00fade na pr\u00f3xima semana, para que seja tomada uma solu\u00e7\u00e3o efetiva para as crises enfrentadas pelo hospital, acrescentou o defensor. Into Em nota, o Instituto Nacional de Traumatologia e Ortopedia (Into) diz que o desabastecimento de \u00f3rteses, pr\u00f3tese e materiais especiais na unidade de sa\u00fade \u00e9 causado \u201cpela falta de interessados nos editais de compra, pelos processos de investiga\u00e7\u00e3o de fornecedores nacionais e pelas dificuldades na execu\u00e7\u00e3o de processos de licita\u00e7\u00e3o\u201d. De acordo com o texto, o Into e o Minist\u00e9rio da Sa\u00fade v\u00eam tomando provid\u00eancias para resolver o desabastecimento, entre as quais a abertura de novos processos licitat\u00f3rios e ades\u00f5es de atas vigentes. Entre as dificuldades, o Into cita a suspens\u00e3o de processos licitat\u00f3rios pelos \u00f3rg\u00e3os de controle; a falta de empresas no mercado nacional; licita\u00e7\u00f5es fracassadas e licita\u00e7\u00f5es desertas. A nota informa ainda que o \u201cMinist\u00e9rio da Sa\u00fade e o Into apresentaram aos \u00f3rg\u00e3os Defensoria P\u00fablica da Uni\u00e3o, Minist\u00e9rio P\u00fablico Federal e Advocacia Geral da Uni\u00e3o um panorama das dificuldades enfrentadas e as medidas que est\u00e3o sendo adotadas. \u201cDesta forma, todos os esfor\u00e7os para que a popula\u00e7\u00e3o n\u00e3o seja prejudicada est\u00e3o sendo realizados\u201d, diz o Into. Quanto \u00e0 nomea\u00e7\u00e3o de um novo diretor, o Into disse apenas que tem &#8220;profissionais nomeados na coordena\u00e7\u00e3o administrativa e na ordena\u00e7\u00e3o de despesas, possibilitando que os processos operacionais continuem em andamento\u201d. Cremerj Em nota divulgada \u00e0 tarde, o presidente do Conselho Regional de Medicina do Rio de Janeiro (Cremerj), Sylvio Provenzano, diz que est\u00e1 acompanhando de perto, \u201cjunto com Departamento de Gest\u00e3o Hospitalar do Minist\u00e9rio da Sa\u00fade\u201d, a situa\u00e7\u00e3o dos hospitais federais no Rio. De acordo com Provenzano, o objetivo \u00e9 \u201capurar com o m\u00e1ximo rigor todos os fatos assinalados por vistorias realizadas nas unidades, como no Into, nesta segunda-feira\u201d.<\/p>\n","protected":false},"author":21,"featured_media":98496,"comment_status":"open","ping_status":"open","sticky":false,"template":"","format":"standard","meta":{"_seopress_robots_primary_cat":"","_seopress_titles_title":"","_seopress_titles_desc":"","_seopress_robots_index":"","footnotes":""},"categories":[30,16,31],"tags":[],"class_list":["post-98495","post","type-post","status-publish","format-standard","has-post-thumbnail","hentry","category-destaques","category-geral","category-principais"],"_links":{"self":[{"href":"https:\/\/jornalhoje.inf.br\/wp\/wp-json\/wp\/v2\/posts\/98495","targetHints":{"allow":["GET"]}}],"collection":[{"href":"https:\/\/jornalhoje.inf.br\/wp\/wp-json\/wp\/v2\/posts"}],"about":[{"href":"https:\/\/jornalhoje.inf.br\/wp\/wp-json\/wp\/v2\/types\/post"}],"author":[{"embeddable":true,"href":"https:\/\/jornalhoje.inf.br\/wp\/wp-json\/wp\/v2\/users\/21"}],"replies":[{"embeddable":true,"href":"https:\/\/jornalhoje.inf.br\/wp\/wp-json\/wp\/v2\/comments?post=98495"}],"version-history":[{"count":1,"href":"https:\/\/jornalhoje.inf.br\/wp\/wp-json\/wp\/v2\/posts\/98495\/revisions"}],"predecessor-version":[{"id":98497,"href":"https:\/\/jornalhoje.inf.br\/wp\/wp-json\/wp\/v2\/posts\/98495\/revisions\/98497"}],"wp:featuredmedia":[{"embeddable":true,"href":"https:\/\/jornalhoje.inf.br\/wp\/wp-json\/wp\/v2\/media\/98496"}],"wp:attachment":[{"href":"https:\/\/jornalhoje.inf.br\/wp\/wp-json\/wp\/v2\/media?parent=98495"}],"wp:term":[{"taxonomy":"category","embeddable":true,"href":"https:\/\/jornalhoje.inf.br\/wp\/wp-json\/wp\/v2\/categories?post=98495"},{"taxonomy":"post_tag","embeddable":true,"href":"https:\/\/jornalhoje.inf.br\/wp\/wp-json\/wp\/v2\/tags?post=98495"}],"curies":[{"name":"wp","href":"https:\/\/api.w.org\/{rel}","templated":true}]}}