{"id":99899,"date":"2019-06-13T12:42:08","date_gmt":"2019-06-13T15:42:08","guid":{"rendered":"https:\/\/jornalhoje.inf.br\/wp\/?p=99899"},"modified":"2019-06-13T12:42:08","modified_gmt":"2019-06-13T15:42:08","slug":"miss-nova-iguacu-acontece-dia-15-no-topshopping","status":"publish","type":"post","link":"https:\/\/jornalhoje.inf.br\/wp\/miss-nova-iguacu-acontece-dia-15-no-topshopping\/","title":{"rendered":"Miss Nova Igua\u00e7u acontece dia 15 no TopShopping"},"content":{"rendered":"<div id=\"fb-root\"><\/div>\n<p><img fetchpriority=\"high\" decoding=\"async\" class=\"size-medium wp-image-99900 alignleft\" src=\"https:\/\/jornalhoje.inf.br\/wp\/wp-content\/uploads\/2019\/06\/h1-19-300x200.jpg\" alt=\"\" width=\"300\" height=\"200\" srcset=\"https:\/\/jornalhoje.inf.br\/wp\/wp-content\/uploads\/2019\/06\/h1-19-300x200.jpg 300w, https:\/\/jornalhoje.inf.br\/wp\/wp-content\/uploads\/2019\/06\/h1-19-768x512.jpg 768w, https:\/\/jornalhoje.inf.br\/wp\/wp-content\/uploads\/2019\/06\/h1-19-1024x682.jpg 1024w, https:\/\/jornalhoje.inf.br\/wp\/wp-content\/uploads\/2019\/06\/h1-19.jpg 1280w\" sizes=\"(max-width: 300px) 100vw, 300px\" \/>Pela primeira vez no TopShopping, no s\u00e1bado, dia 15 de junho, 23 candidatas estar\u00e3o presentes no empreendimento para a seletiva do \u201cMiss Nova Igua\u00e7u\u201d. Sob coordena\u00e7\u00e3o de Noemi Rosseto, o concurso vai eleger uma candidata\u00a0para\u00a0 representar e divulgar a cidade no concurso\u00a0\u201cMiss Estado do Rio de Janeiro\u201d,\u00a0previsto para novembro de 2019.<\/p>\n<p>Segundo Noemi, sempre foi um sonho promover o concurso no TopShopping. \u201cMeu maior desejo era realiza-lo no Top, pela import\u00e2ncia que ele tem para a cidade. Al\u00e9m de fazer parte da hist\u00f3ria dos igua\u00e7uanos, ele nos proporciona uma grande visibilidade\u201d.<\/p>\n<p>Para a gerente de Marketing do shopping, Aline Cattem, \u00e9 de tamanha alegria receber um evento no qual o munic\u00edpio ser\u00e1 representado.\u00a0 \u201cFicamos muito felizes de sermos palco da seletiva das candidatas ao Miss Nova Igua\u00e7u. Esperamos que essa parceria continue nas pr\u00f3ximas edi\u00e7\u00f5es\u201d.<\/p>\n<p>Foram selecionadas 23 candidatas, com idades entre 18\u00a0e 26\u00a0anos, para\u00a0concorrer ao t\u00edtulo e \u00e0 coroa mais cobi\u00e7ada do munic\u00edpio. \u00a0Durante o processo seletivo, um j\u00fari t\u00e9cnico avaliar\u00e1 quesitos de charme, beleza, eleg\u00e2ncia, simpatia e desenvoltura das concorrentes.<\/p>\n<p>A coordenadora do evento destaca a import\u00e2ncia do t\u00edtulo de miss: \u201cN\u00e3o iremos avaliar apenas a beleza da candidata. A futura dona da coroa deve\u00a0ter facilidade de desenvolver ideias, ser capaz de empoderar outras mulheres atrav\u00e9s de suas atitudes e comportamentos.<\/p>\n<p>O concurso \u201cMiss Nova Igua\u00e7u\u201d acontecer\u00e1 a partir das 17h30, no 2\u00ba piso \u2013 expans\u00e3o.<\/p>\n","protected":false},"excerpt":{"rendered":"<p>Pela primeira vez no TopShopping, no s\u00e1bado, dia 15 de junho, 23 candidatas estar\u00e3o presentes no empreendimento para a seletiva do \u201cMiss Nova Igua\u00e7u\u201d. Sob coordena\u00e7\u00e3o de Noemi Rosseto, o concurso vai eleger uma candidata\u00a0para\u00a0 representar e divulgar a cidade no concurso\u00a0\u201cMiss Estado do Rio de Janeiro\u201d,\u00a0previsto para novembro de 2019. Segundo Noemi, sempre foi um sonho promover o concurso no TopShopping. \u201cMeu maior desejo era realiza-lo no Top, pela import\u00e2ncia que ele tem para a cidade. Al\u00e9m de fazer parte da hist\u00f3ria dos igua\u00e7uanos, ele nos proporciona uma grande visibilidade\u201d. Para a gerente de Marketing do shopping, Aline Cattem, \u00e9 de tamanha alegria receber um evento no qual o munic\u00edpio ser\u00e1 representado.\u00a0 \u201cFicamos muito felizes de sermos palco da seletiva das candidatas ao Miss Nova Igua\u00e7u. Esperamos que essa parceria continue nas pr\u00f3ximas edi\u00e7\u00f5es\u201d. Foram selecionadas 23 candidatas, com idades entre 18\u00a0e 26\u00a0anos, para\u00a0concorrer ao t\u00edtulo e \u00e0 coroa mais cobi\u00e7ada do munic\u00edpio. \u00a0Durante o processo seletivo, um j\u00fari t\u00e9cnico avaliar\u00e1 quesitos de charme, beleza, eleg\u00e2ncia, simpatia e desenvoltura das concorrentes. A coordenadora do evento destaca a import\u00e2ncia do t\u00edtulo de miss: \u201cN\u00e3o iremos avaliar apenas a beleza da candidata. A futura dona da coroa deve\u00a0ter facilidade de desenvolver ideias, ser capaz de empoderar outras mulheres atrav\u00e9s de suas atitudes e comportamentos. O concurso \u201cMiss Nova Igua\u00e7u\u201d acontecer\u00e1 a partir das 17h30, no 2\u00ba piso \u2013 expans\u00e3o.<\/p>\n","protected":false},"author":21,"featured_media":99900,"comment_status":"open","ping_status":"open","sticky":false,"template":"","format":"standard","meta":{"_seopress_robots_primary_cat":"","_seopress_titles_title":"","_seopress_titles_desc":"","_seopress_robots_index":"","footnotes":""},"categories":[13,32,31],"tags":[],"class_list":["post-99899","post","type-post","status-publish","format-standard","has-post-thumbnail","hentry","category-baixada","category-cultura-e-lazer","category-principais"],"_links":{"self":[{"href":"https:\/\/jornalhoje.inf.br\/wp\/wp-json\/wp\/v2\/posts\/99899","targetHints":{"allow":["GET"]}}],"collection":[{"href":"https:\/\/jornalhoje.inf.br\/wp\/wp-json\/wp\/v2\/posts"}],"about":[{"href":"https:\/\/jornalhoje.inf.br\/wp\/wp-json\/wp\/v2\/types\/post"}],"author":[{"embeddable":true,"href":"https:\/\/jornalhoje.inf.br\/wp\/wp-json\/wp\/v2\/users\/21"}],"replies":[{"embeddable":true,"href":"https:\/\/jornalhoje.inf.br\/wp\/wp-json\/wp\/v2\/comments?post=99899"}],"version-history":[{"count":1,"href":"https:\/\/jornalhoje.inf.br\/wp\/wp-json\/wp\/v2\/posts\/99899\/revisions"}],"predecessor-version":[{"id":99901,"href":"https:\/\/jornalhoje.inf.br\/wp\/wp-json\/wp\/v2\/posts\/99899\/revisions\/99901"}],"wp:featuredmedia":[{"embeddable":true,"href":"https:\/\/jornalhoje.inf.br\/wp\/wp-json\/wp\/v2\/media\/99900"}],"wp:attachment":[{"href":"https:\/\/jornalhoje.inf.br\/wp\/wp-json\/wp\/v2\/media?parent=99899"}],"wp:term":[{"taxonomy":"category","embeddable":true,"href":"https:\/\/jornalhoje.inf.br\/wp\/wp-json\/wp\/v2\/categories?post=99899"},{"taxonomy":"post_tag","embeddable":true,"href":"https:\/\/jornalhoje.inf.br\/wp\/wp-json\/wp\/v2\/tags?post=99899"}],"curies":[{"name":"wp","href":"https:\/\/api.w.org\/{rel}","templated":true}]}}